{"id":3354,"date":"2013-08-13T23:47:00","date_gmt":"2013-08-13T22:47:00","guid":{"rendered":"http:\/\/www.tri-team-fuldatal.de\/?p=3354"},"modified":"2013-08-13T23:48:19","modified_gmt":"2013-08-13T22:48:19","slug":"die-liga-stoppt-in-waldeck","status":"publish","type":"post","link":"http:\/\/www.tri-team-fuldatal.de\/?p=3354","title":{"rendered":"Die Liga stoppt in Waldeck"},"content":{"rendered":"<p style=\"text-align: justify;\">Da Waldeck am 22.06.2013 die Regionalliga und die 1. wie 2. Hessenliga bei sich begr\u00fc\u00dfte, schickte das Tri-Team ganze drei Mannschaften ins Rennen. Die Herren und Damen der Regionalliga hatten nach dem kalten Start in der Pfalz ihr zweites Rennen zu absolvieren. Die Ausgangslage war bei beiden Teams nicht kritisch, aber es war klar, eine bessere Platzierung als in der Pfalz sollte m\u00f6glich sein. In der 2. Hessenliga der Damen ging das dritte Team aus Fuldatal an den Start. Die zweite Damenmannschaft hatte in Griesheim beim Saisonauftakt mit Platz 3 gut vorgelegt und wollte nat\u00fcrlich nachlagen.<\/p>\n<figure id=\"attachment_3356\" aria-describedby=\"caption-attachment-3356\" style=\"width: 378px\" class=\"wp-caption aligncenter\"><a href=\"http:\/\/www.tri-team-fuldatal.de\/wp-content\/uploads\/2013\/08\/IMG_5163.jpg\"><img loading=\"lazy\" decoding=\"async\" class=\"size-full wp-image-3356  \" alt=\"IMG_5163\" src=\"http:\/\/www.tri-team-fuldatal.de\/wp-content\/uploads\/2013\/08\/IMG_5163.jpg\" width=\"378\" height=\"252\" srcset=\"http:\/\/www.tri-team-fuldatal.de\/wp-content\/uploads\/2013\/08\/IMG_5163.jpg 900w, http:\/\/www.tri-team-fuldatal.de\/wp-content\/uploads\/2013\/08\/IMG_5163-300x200.jpg 300w\" sizes=\"auto, (max-width: 378px) 100vw, 378px\" \/><\/a><figcaption id=\"caption-attachment-3356\" class=\"wp-caption-text\">Regionalliga der Damen mit Platz 2 gesamt<\/figcaption><\/figure>\n<p style=\"text-align: justify;\">F\u00fcr die Damen der Regionalliga waren Lisa Croll, Agnes Stanislawski, Anke Scheele und Kay Janne Wiemann am Start. Nachdem sich beim Tri Pfalz im Mai durch einige Ausf\u00e4lle ein geschw\u00e4chtes Team vorerst mit Rang 6 von 8 Teams zufrieden geben musste, wurde in Waldeck voll angegriffen. Mit Platz 4, 11 und 13 konnten drei Starterinnen in der Top 15 von etwa 30 Starterinnen landen und so sprang ein gro\u00dfartiger zweite Platz in der Gesamtrangliste f\u00fcr das Team heraus. Da auch andere Damenteams in den ersten beiden Wettk\u00e4mpfen unterschiedlich stark besetzt waren, hat dies die Kuriosit\u00e4t zur folge, dass nun vier Teams den dritten Platz in der Rangliste nach zwei Wettk\u00e4mpfen belegen, weil sie Punktgleich sind. F\u00fcr das Rennen am 18.08.2013 in Viernheim ist also f\u00fcr Spannung gesorgt.<\/p>\n<figure id=\"attachment_3358\" aria-describedby=\"caption-attachment-3358\" style=\"width: 378px\" class=\"wp-caption aligncenter\"><a href=\"http:\/\/www.tri-team-fuldatal.de\/wp-content\/uploads\/2013\/08\/IMG_5154.jpg\"><img loading=\"lazy\" decoding=\"async\" class=\"size-full wp-image-3358 \" alt=\"IMG_5154\" src=\"http:\/\/www.tri-team-fuldatal.de\/wp-content\/uploads\/2013\/08\/IMG_5154.jpg\" width=\"378\" height=\"252\" srcset=\"http:\/\/www.tri-team-fuldatal.de\/wp-content\/uploads\/2013\/08\/IMG_5154.jpg 900w, http:\/\/www.tri-team-fuldatal.de\/wp-content\/uploads\/2013\/08\/IMG_5154-300x200.jpg 300w\" sizes=\"auto, (max-width: 378px) 100vw, 378px\" \/><\/a><figcaption id=\"caption-attachment-3358\" class=\"wp-caption-text\">Regionalliga Herren mit Platz 6 gesamt<\/figcaption><\/figure>\n<p style=\"text-align: justify;\">Bei den Herren sprang in der Pfalz zu Saisonbeginn zwar ein respektabler 5. Platz unter 13 Mannschaften heraus, aber da gerade Oli Lieblein als einer der Leistungstr\u00e4ger des Teams mit erheblichen Problemen in der Vorbereitung auf die Saison zu k\u00e4mpfen hatte, war sich das Team nach dem Auftakt sicher, dass es noch Luft nach oben gibt. Ung\u00fcnstiger Weise musste das Team das Rennen mit nur 4 Startern durchbringen. Daniel Gebert sorgte mit einem Platz in der Top 3 zwar daf\u00fcr, dass das Team am Ende Platz 6 belegte, aber das volle Potential konnte wieder nicht ausgespielt werden, da Oli beim Laufen der Verletzung Tribut zollen musste.<\/p>\n<figure id=\"attachment_3360\" aria-describedby=\"caption-attachment-3360\" style=\"width: 379px\" class=\"wp-caption aligncenter\"><a href=\"http:\/\/www.tri-team-fuldatal.de\/wp-content\/uploads\/2013\/08\/Edersee-2013-051.jpg\"><img loading=\"lazy\" decoding=\"async\" class=\"size-full wp-image-3360 \" alt=\"Edersee 2013 051\" src=\"http:\/\/www.tri-team-fuldatal.de\/wp-content\/uploads\/2013\/08\/Edersee-2013-051.jpg\" width=\"379\" height=\"284\" srcset=\"http:\/\/www.tri-team-fuldatal.de\/wp-content\/uploads\/2013\/08\/Edersee-2013-051.jpg 800w, http:\/\/www.tri-team-fuldatal.de\/wp-content\/uploads\/2013\/08\/Edersee-2013-051-300x225.jpg 300w\" sizes=\"auto, (max-width: 379px) 100vw, 379px\" \/><\/a><figcaption id=\"caption-attachment-3360\" class=\"wp-caption-text\">Zweite Damenmannschaft mit Platz 7 gesamt<\/figcaption><\/figure>\n<p style=\"text-align: justify;\">Die zweite Mannschaft der Damen hatte nat\u00fcrlich extrem gut vorgelegt. Dies war nat\u00fcrlich auch ein wenig der Tatsache geschuldet, dass in Griesheim Anke Scheele das Team aufgrund von einigen Ausf\u00e4llen unterst\u00fctzt hat. In Waldeck gingen Sandra N\u00f6lker, Kristina Biel, Claudia Kisling und Rebekka Sechtling an den Start. Unter 65 Starterinnen konnte sich Kristina Biel mit einem starken 11. Platz in Szene setzen. Mit Platz 38, 45 und 56 kamen die anderen Athletinnen des Teams ins Ziel und so konnten sich alle zusammen Platz 7 unter 11 Mannschaften sichern. Dies bedeutet vorerst Platz 3 in der Gesamtligawertung nach zwei Rennen. In Fuldatal und Viernheim wird sich dann zeigen, ob es vielleicht noch f\u00fcr einen Platz ganz vorne reichen kann.<\/p>\n<p style=\"text-align: justify;\">In der offenen Wertung \u00fcber die Sprinzdistanz feierte Niko Siebert nach langer Abstinenz ein kleines Comeback und konnte sich an diesem Tag sogar gleich Platz 3 in der TM30 sichern. Nicole Henne-Fischer kam auf Platz 4 in der Tw35. Stefen Wei\u00df und Uwe Mantel finishten zufrieden in der offenen Klasse der Olympischen Distanz.<\/p>\n<p style=\"text-align: justify;\"><a href=\"http:\/\/www.triathlon-waldeck.de\/index.php\/triathlon\/ergebnislisten\/\">Ergebnislisten des Veranstalters<\/a><\/p>\n<p style=\"text-align: justify;\"><strong>[nggallery id=47]<\/strong><\/p>\n<p style=\"text-align: justify;\">\n","protected":false},"excerpt":{"rendered":"<p>22.06.2013 Triathlon Waldeck<\/p>\n","protected":false},"author":7,"featured_media":3364,"comment_status":"open","ping_status":"open","sticky":false,"template":"","format":"standard","meta":{"colormag_page_container_layout":"default_layout","colormag_page_sidebar_layout":"default_layout","footnotes":""},"categories":[152,151],"tags":[33,30,107,105,7,6,8,125,4,138],"class_list":["post-3354","post","type-post","status-publish","format-standard","has-post-thumbnail","hentry","category-liga2013","category-tria2013","tag-agnes-stanislawski","tag-anke-scheele","tag-claudia-kisling","tag-daniel-gebert","tag-jurgen-rademacher","tag-marco-rudel","tag-oliver-lieblein","tag-rebekka-sechtling","tag-stefen-weis","tag-uwe-mantel"],"_links":{"self":[{"href":"http:\/\/www.tri-team-fuldatal.de\/index.php?rest_route=\/wp\/v2\/posts\/3354","targetHints":{"allow":["GET"]}}],"collection":[{"href":"http:\/\/www.tri-team-fuldatal.de\/index.php?rest_route=\/wp\/v2\/posts"}],"about":[{"href":"http:\/\/www.tri-team-fuldatal.de\/index.php?rest_route=\/wp\/v2\/types\/post"}],"author":[{"embeddable":true,"href":"http:\/\/www.tri-team-fuldatal.de\/index.php?rest_route=\/wp\/v2\/users\/7"}],"replies":[{"embeddable":true,"href":"http:\/\/www.tri-team-fuldatal.de\/index.php?rest_route=%2Fwp%2Fv2%2Fcomments&post=3354"}],"version-history":[{"count":8,"href":"http:\/\/www.tri-team-fuldatal.de\/index.php?rest_route=\/wp\/v2\/posts\/3354\/revisions"}],"predecessor-version":[{"id":3367,"href":"http:\/\/www.tri-team-fuldatal.de\/index.php?rest_route=\/wp\/v2\/posts\/3354\/revisions\/3367"}],"wp:featuredmedia":[{"embeddable":true,"href":"http:\/\/www.tri-team-fuldatal.de\/index.php?rest_route=\/wp\/v2\/media\/3364"}],"wp:attachment":[{"href":"http:\/\/www.tri-team-fuldatal.de\/index.php?rest_route=%2Fwp%2Fv2%2Fmedia&parent=3354"}],"wp:term":[{"taxonomy":"category","embeddable":true,"href":"http:\/\/www.tri-team-fuldatal.de\/index.php?rest_route=%2Fwp%2Fv2%2Fcategories&post=3354"},{"taxonomy":"post_tag","embeddable":true,"href":"http:\/\/www.tri-team-fuldatal.de\/index.php?rest_route=%2Fwp%2Fv2%2Ftags&post=3354"}],"curies":[{"name":"wp","href":"https:\/\/api.w.org\/{rel}","templated":true}]}}