{"id":3335,"date":"2013-08-13T22:51:40","date_gmt":"2013-08-13T21:51:40","guid":{"rendered":"http:\/\/www.tri-team-fuldatal.de\/?p=3335"},"modified":"2013-08-14T21:36:58","modified_gmt":"2013-08-14T20:36:58","slug":"celticman-in-neuental","status":"publish","type":"post","link":"http:\/\/www.tri-team-fuldatal.de\/?p=3335","title":{"rendered":"Celticman in Neuental"},"content":{"rendered":"<figure id=\"attachment_3349\" aria-describedby=\"caption-attachment-3349\" style=\"width: 404px\" class=\"wp-caption aligncenter\"><a href=\"http:\/\/www.tri-team-fuldatal.de\/wp-content\/uploads\/2013\/08\/ck019922.jpg\"><img loading=\"lazy\" decoding=\"async\" class=\"size-full wp-image-3349 \" alt=\"ck019922\" src=\"http:\/\/www.tri-team-fuldatal.de\/wp-content\/uploads\/2013\/08\/ck019922.jpg\" width=\"404\" height=\"268\" srcset=\"http:\/\/www.tri-team-fuldatal.de\/wp-content\/uploads\/2013\/08\/ck019922.jpg 500w, http:\/\/www.tri-team-fuldatal.de\/wp-content\/uploads\/2013\/08\/ck019922-300x199.jpg 300w\" sizes=\"auto, (max-width: 404px) 100vw, 404px\" \/><\/a><figcaption id=\"caption-attachment-3349\" class=\"wp-caption-text\">Horst Reichel im Ziel mit Daniel Gebert<\/figcaption><\/figure>\n<p style=\"text-align: justify;\">Mit gro\u00dfen Erwartungen ging es f\u00fcr 15 Tri-Team Athleten am 21.07.2013 nach Neuental zum Celticman. Warum gro\u00dfe Erwartungen? &#8211; Erst letztes Jahr im Rahmen der bike Facts! Trophy Abschlussveranstaltung war dieser Wettkampf durch eine Abstimmung aller anwesenden Athleten zum besten der Rennserie gek\u00fchrt worden. Mit Herz und Verstand setzten die Br\u00fcder Marcel und Andre Krug auch dieses Jahr wieder alles daran, dieses Niveau zu halten. In diesem Jahr sorgten sie zu dem wieder top organisierten Wettkampf obendrauf noch f\u00fcr eine dicke \u00dcberraschung. Denn kein geringerer als der Profi Horst Reichel kam zum Celticman, um sich mit der regionalen Elite zu messen. Bei Temperaturen bis 30\u00b0C war f\u00fcr harte Bedingungen gesorgt. Der Radkurs verl\u00e4uft zwar wenig anspruchsvoll recht flach, aber gelaufen wurde in der prallen Sonne.<\/p>\n<p style=\"text-align: justify;\">F\u00fcr das Tri-Team gab es einige Erfolge. Daniel Gebert, im Tri-Team f\u00fcr das Regionalliga-Team startend, konnte sich gegen seinen regionalen Rivalen Jan-Eike Kistner durchsetzen. Gegen Horst Reichel war allerdings kein Kraut gewachsen. Der Profi lie\u00df es nicht drauf ankommen und zog das Rennen knallhart durch. AK-Pl\u00e4tze gingen an J\u00fcrgen Rademacher mit Bronze in der AK M45, Gold ging an Marco Rudel in der AK M40, Anke Scheele wurde Gesamtdritte und zweite in der AK W30 und Saskia Freiwald konnte mit einem tollen Debut den dritten Platz in der AK W25 sichern.<\/p>\n<p style=\"text-align: justify;\">Auch dieses Jahr lieferten die\u00a0 Krug Brothers wieder einen top Wettkampf ab, an dem sich alle anderen Veranstalter messen lassen m\u00fcssen. Gratulation und weiter so!<\/p>\n<p>&nbsp;<\/p>\n<p>&nbsp;<\/p>\n<h3>Ergebnisse<\/h3>\n<table border=\"0\" cellspacing=\"1\" bgcolor=\"#DD2222\">\n<tbody>\n<tr bgcolor=\"#CCCCCC\">\n<td>Platz<\/td>\n<td>PlM<\/td>\n<td>PlW<\/td>\n<td>Name,Vorname<\/td>\n<td>Endzeit<\/td>\n<td>Schwimmzeit<\/td>\n<td>Radzeit<\/td>\n<td>Sch.+Rad<\/td>\n<td>Laufzeit<\/td>\n<\/tr>\n<tr bgcolor=\"#EEEEEE\">\n<td bgcolor=\"#EEEEEE\">2<\/td>\n<td bgcolor=\"#EEEEEE\">2<\/td>\n<td bgcolor=\"#EEEEEE\"><\/td>\n<td bgcolor=\"#EEEEEE\">Gebert, Daniel<\/td>\n<td bgcolor=\"#EEEEEE\">01:01:29<\/td>\n<td bgcolor=\"#EEEEEE\">0:08:56( 4 )<\/td>\n<td bgcolor=\"#EEEEEE\">0:34:16( 2 )<\/td>\n<td bgcolor=\"#EEEEEE\">0:43:12( 2 )<\/td>\n<td bgcolor=\"#EEEEEE\">0:18:17( 5 )<\/td>\n<\/tr>\n<tr bgcolor=\"#EEEEEE\">\n<td bgcolor=\"#EEEEEE\">12<\/td>\n<td bgcolor=\"#EEEEEE\">12<\/td>\n<td bgcolor=\"#EEEEEE\"><\/td>\n<td bgcolor=\"#EEEEEE\">Rademacher, J\u00fcrgen<\/td>\n<td bgcolor=\"#EEEEEE\">01:06:29<\/td>\n<td bgcolor=\"#EEEEEE\">0:11:39( 40 )<\/td>\n<td bgcolor=\"#EEEEEE\">0:35:37( 10 )<\/td>\n<td bgcolor=\"#EEEEEE\">0:47:16( 14 )<\/td>\n<td bgcolor=\"#EEEEEE\">0:19:13( 14 )<\/td>\n<\/tr>\n<tr bgcolor=\"#FFFFFF\">\n<td bgcolor=\"#FFFFFF\">15<\/td>\n<td bgcolor=\"#FFFFFF\">15<\/td>\n<td bgcolor=\"#FFFFFF\"><\/td>\n<td bgcolor=\"#FFFFFF\">Rudel, Marco<\/td>\n<td bgcolor=\"#FFFFFF\">01:07:23<\/td>\n<td bgcolor=\"#FFFFFF\">0:10:52( 28 )<\/td>\n<td bgcolor=\"#FFFFFF\">0:36:06( 15 )<\/td>\n<td bgcolor=\"#FFFFFF\">0:46:58( 13 )<\/td>\n<td bgcolor=\"#FFFFFF\">0:20:25( 30 )<\/td>\n<\/tr>\n<tr bgcolor=\"#EEEEEE\">\n<td bgcolor=\"#EEEEEE\">26<\/td>\n<td bgcolor=\"#EEEEEE\">25<\/td>\n<td bgcolor=\"#EEEEEE\"><\/td>\n<td bgcolor=\"#EEEEEE\">Adler, Patrick<\/td>\n<td bgcolor=\"#EEEEEE\">01:09:50<\/td>\n<td bgcolor=\"#EEEEEE\">0:11:51( 42 )<\/td>\n<td bgcolor=\"#EEEEEE\">0:37:24( 22 )<\/td>\n<td bgcolor=\"#EEEEEE\">0:49:15( 27 )<\/td>\n<td bgcolor=\"#EEEEEE\">0:20:35( 32 )<\/td>\n<\/tr>\n<tr bgcolor=\"#EEEEEE\">\n<td bgcolor=\"#EEEEEE\">32<\/td>\n<td bgcolor=\"#EEEEEE\">31<\/td>\n<td bgcolor=\"#EEEEEE\"><\/td>\n<td bgcolor=\"#EEEEEE\">Bujok, Patrick<\/td>\n<td bgcolor=\"#EEEEEE\">01:10:38<\/td>\n<td bgcolor=\"#EEEEEE\">0:12:35( 56 )<\/td>\n<td bgcolor=\"#EEEEEE\">0:37:24( 22 )<\/td>\n<td bgcolor=\"#EEEEEE\">0:49:59( 35 )<\/td>\n<td bgcolor=\"#EEEEEE\">0:20:39( 34 )<\/td>\n<\/tr>\n<tr bgcolor=\"#EEEEEE\">\n<td bgcolor=\"#EEEEEE\">48<\/td>\n<td bgcolor=\"#EEEEEE\"><\/td>\n<td bgcolor=\"#EEEEEE\">3<\/td>\n<td bgcolor=\"#EEEEEE\">Scheele, Anke<\/td>\n<td bgcolor=\"#EEEEEE\">01:13:58<\/td>\n<td bgcolor=\"#EEEEEE\">0:09:56( 11 )<\/td>\n<td bgcolor=\"#EEEEEE\">0:42:11( 88 )<\/td>\n<td bgcolor=\"#EEEEEE\">0:52:07( 47 )<\/td>\n<td bgcolor=\"#EEEEEE\">0:21:51( 52 )<\/td>\n<\/tr>\n<tr bgcolor=\"#FFFFFF\">\n<td bgcolor=\"#FFFFFF\">51<\/td>\n<td bgcolor=\"#FFFFFF\">48<\/td>\n<td bgcolor=\"#FFFFFF\"><\/td>\n<td bgcolor=\"#FFFFFF\">H\u00f6hne, Markus<\/td>\n<td bgcolor=\"#EEEEEE\">01:14:29<\/td>\n<td bgcolor=\"#FFFFFF\">0:12:51( 66 )<\/td>\n<td bgcolor=\"#FFFFFF\">0:38:22( 32 )<\/td>\n<td bgcolor=\"#FFFFFF\">0:51:13( 39 )<\/td>\n<td bgcolor=\"#FFFFFF\">0:23:16( 79 )<\/td>\n<\/tr>\n<tr bgcolor=\"#EEEEEE\">\n<td bgcolor=\"#EEEEEE\">56<\/td>\n<td bgcolor=\"#EEEEEE\">53<\/td>\n<td bgcolor=\"#EEEEEE\"><\/td>\n<td bgcolor=\"#EEEEEE\">Wei\u00df, Stefen<\/td>\n<td bgcolor=\"#EEEEEE\">01:14:41<\/td>\n<td bgcolor=\"#EEEEEE\">0:13:09( 73 )<\/td>\n<td bgcolor=\"#EEEEEE\">0:39:04( 41 )<\/td>\n<td bgcolor=\"#EEEEEE\">0:52:13( 49 )<\/td>\n<td bgcolor=\"#EEEEEE\">0:22:28( 64 )<\/td>\n<\/tr>\n<tr bgcolor=\"#FFFFFF\">\n<td bgcolor=\"#FFFFFF\">59<\/td>\n<td bgcolor=\"#FFFFFF\">55<\/td>\n<td bgcolor=\"#FFFFFF\"><\/td>\n<td bgcolor=\"#FFFFFF\">Nemeth, Andreas<\/td>\n<td bgcolor=\"#FFFFFF\">01:15:02<\/td>\n<td bgcolor=\"#FFFFFF\">0:11:27( 34 )<\/td>\n<td bgcolor=\"#FFFFFF\">0:39:58( 56 )<\/td>\n<td bgcolor=\"#FFFFFF\">0:51:25( 42 )<\/td>\n<td bgcolor=\"#FFFFFF\">0:23:37( 81 )<\/td>\n<\/tr>\n<tr bgcolor=\"#FFFFFF\">\n<td bgcolor=\"#FFFFFF\">61<\/td>\n<td bgcolor=\"#FFFFFF\">56<\/td>\n<td bgcolor=\"#FFFFFF\"><\/td>\n<td bgcolor=\"#FFFFFF\">Deussing, Sven<\/td>\n<td bgcolor=\"#FFFFFF\">01:15:16<\/td>\n<td bgcolor=\"#FFFFFF\">0:11:33( 38 )<\/td>\n<td bgcolor=\"#FFFFFF\">0:41:02( 70 )<\/td>\n<td bgcolor=\"#FFFFFF\">0:52:35( 54 )<\/td>\n<td bgcolor=\"#FFFFFF\">0:22:41( 70 )<\/td>\n<\/tr>\n<tr bgcolor=\"#FFFFFF\">\n<td bgcolor=\"#FFFFFF\">69<\/td>\n<td bgcolor=\"#FFFFFF\">62<\/td>\n<td bgcolor=\"#FFFFFF\"><\/td>\n<td bgcolor=\"#FFFFFF\">Goebel, Mark<\/td>\n<td bgcolor=\"#FFFFFF\">01:17:32<\/td>\n<td bgcolor=\"#FFFFFF\">0:11:04( 31 )<\/td>\n<td bgcolor=\"#FFFFFF\">0:40:49( 65 )<\/td>\n<td bgcolor=\"#FFFFFF\">0:51:53( 44 )<\/td>\n<td bgcolor=\"#FFFFFF\">0:25:39(110)<\/td>\n<\/tr>\n<tr bgcolor=\"#EEEEEE\">\n<td bgcolor=\"#EEEEEE\">99<\/td>\n<td bgcolor=\"#EEEEEE\">81<\/td>\n<td bgcolor=\"#EEEEEE\"><\/td>\n<td bgcolor=\"#EEEEEE\">Krantz, Hubert<\/td>\n<td bgcolor=\"#EEEEEE\">01:22:35<\/td>\n<td bgcolor=\"#EEEEEE\">0:14:04( 95 )<\/td>\n<td bgcolor=\"#EEEEEE\">0:41:52( 84 )<\/td>\n<td bgcolor=\"#EEEEEE\">0:55:56( 86 )<\/td>\n<td bgcolor=\"#EEEEEE\">0:26:39( 118 )<\/td>\n<\/tr>\n<tr bgcolor=\"#EEEEEE\">\n<td bgcolor=\"#EEEEEE\">102<\/td>\n<td bgcolor=\"#EEEEEE\"><\/td>\n<td bgcolor=\"#EEEEEE\">20<\/td>\n<td bgcolor=\"#EEEEEE\">Freiwald, Saskia<\/td>\n<td bgcolor=\"#EEEEEE\">01:23:00<\/td>\n<td bgcolor=\"#EEEEEE\">0:14:54(114)<\/td>\n<td bgcolor=\"#EEEEEE\">0:45:54(133)<\/td>\n<td bgcolor=\"#EEEEEE\">1:00:48(123)<\/td>\n<td bgcolor=\"#EEEEEE\">0:22:12( 58 )<\/td>\n<\/tr>\n<tr bgcolor=\"#EEEEEE\">\n<td bgcolor=\"#EEEEEE\">112<\/td>\n<td bgcolor=\"#EEEEEE\"><\/td>\n<td bgcolor=\"#EEEEEE\">22<\/td>\n<td bgcolor=\"#EEEEEE\">Sechtling, Rebekka<\/td>\n<td bgcolor=\"#EEEEEE\">01:25:36<\/td>\n<td bgcolor=\"#EEEEEE\">0:12:38( 58 )<\/td>\n<td bgcolor=\"#EEEEEE\">0:45:16(125)<\/td>\n<td bgcolor=\"#EEEEEE\">0:57:54(104)<\/td>\n<td bgcolor=\"#EEEEEE\">0:27:42(129)<\/td>\n<\/tr>\n<tr bgcolor=\"#EEEEEE\">\n<td bgcolor=\"#EEEEEE\">142<\/td>\n<td bgcolor=\"#EEEEEE\">112<\/td>\n<td bgcolor=\"#EEEEEE\"><\/td>\n<td bgcolor=\"#EEEEEE\">Paul, Jens<\/td>\n<td bgcolor=\"#EEEEEE\">01:32:52<\/td>\n<td bgcolor=\"#EEEEEE\">0:15:06(119)<\/td>\n<td bgcolor=\"#EEEEEE\">0:47:54(145)<\/td>\n<td bgcolor=\"#EEEEEE\">1:03:00(139)<\/td>\n<td bgcolor=\"#EEEEEE\">0:29:52(143)<\/td>\n<\/tr>\n<tr bgcolor=\"#FFFFFF\">\n<td bgcolor=\"#FFFFFF\"><\/td>\n<td bgcolor=\"#FFFFFF\"><\/td>\n<td bgcolor=\"#FFFFFF\"><\/td>\n<td bgcolor=\"#FFFFFF\">Steffen, Nico<\/td>\n<td bgcolor=\"#FFFFFF\">00:00:00<\/td>\n<td bgcolor=\"#FFFFFF\">0:13:44( 87 )<\/td>\n<td bgcolor=\"#FFFFFF\">0:39:31( 50 )<\/td>\n<td bgcolor=\"#FFFFFF\">0:53:15( 60 )<\/td>\n<td bgcolor=\"#FFFFFF\">00:00:00<\/td>\n<\/tr>\n<\/tbody>\n<\/table>\n<p><strong>[nggallery id=46]<\/strong><\/p>\n","protected":false},"excerpt":{"rendered":"<p>21.07.2013 Celticman<\/p>\n","protected":false},"author":7,"featured_media":3348,"comment_status":"open","ping_status":"open","sticky":false,"template":"","format":"standard","meta":{"colormag_page_container_layout":"default_layout","colormag_page_sidebar_layout":"default_layout","footnotes":""},"categories":[151],"tags":[143,30,105,34,69,7,6,44,146,52,71,125,162,4,9],"class_list":["post-3335","post","type-post","status-publish","format-standard","has-post-thumbnail","hentry","category-tria2013","tag-andreas-nemeth","tag-anke-scheele","tag-daniel-gebert","tag-hubert-krantz","tag-jens-paul","tag-jurgen-rademacher","tag-marco-rudel","tag-mark-gobel","tag-markus-hohne","tag-nico-steffen","tag-patrick-bujok","tag-rebekka-sechtling","tag-saskia-freiwald","tag-stefen-weis","tag-sven-deussing"],"_links":{"self":[{"href":"http:\/\/www.tri-team-fuldatal.de\/index.php?rest_route=\/wp\/v2\/posts\/3335","targetHints":{"allow":["GET"]}}],"collection":[{"href":"http:\/\/www.tri-team-fuldatal.de\/index.php?rest_route=\/wp\/v2\/posts"}],"about":[{"href":"http:\/\/www.tri-team-fuldatal.de\/index.php?rest_route=\/wp\/v2\/types\/post"}],"author":[{"embeddable":true,"href":"http:\/\/www.tri-team-fuldatal.de\/index.php?rest_route=\/wp\/v2\/users\/7"}],"replies":[{"embeddable":true,"href":"http:\/\/www.tri-team-fuldatal.de\/index.php?rest_route=%2Fwp%2Fv2%2Fcomments&post=3335"}],"version-history":[{"count":16,"href":"http:\/\/www.tri-team-fuldatal.de\/index.php?rest_route=\/wp\/v2\/posts\/3335\/revisions"}],"predecessor-version":[{"id":3353,"href":"http:\/\/www.tri-team-fuldatal.de\/index.php?rest_route=\/wp\/v2\/posts\/3335\/revisions\/3353"}],"wp:featuredmedia":[{"embeddable":true,"href":"http:\/\/www.tri-team-fuldatal.de\/index.php?rest_route=\/wp\/v2\/media\/3348"}],"wp:attachment":[{"href":"http:\/\/www.tri-team-fuldatal.de\/index.php?rest_route=%2Fwp%2Fv2%2Fmedia&parent=3335"}],"wp:term":[{"taxonomy":"category","embeddable":true,"href":"http:\/\/www.tri-team-fuldatal.de\/index.php?rest_route=%2Fwp%2Fv2%2Fcategories&post=3335"},{"taxonomy":"post_tag","embeddable":true,"href":"http:\/\/www.tri-team-fuldatal.de\/index.php?rest_route=%2Fwp%2Fv2%2Ftags&post=3335"}],"curies":[{"name":"wp","href":"https:\/\/api.w.org\/{rel}","templated":true}]}}