{"id":3235,"date":"2013-07-22T08:08:49","date_gmt":"2013-07-22T07:08:49","guid":{"rendered":"http:\/\/www.tri-team-fuldatal.de\/?p=3235"},"modified":"2013-07-22T08:10:05","modified_gmt":"2013-07-22T07:10:05","slug":"juttas-bericht-des-ironman-frankfurt-2013","status":"publish","type":"post","link":"http:\/\/www.tri-team-fuldatal.de\/?p=3235","title":{"rendered":"Juttas Bericht des Ironman Frankfurt 2013"},"content":{"rendered":"<p><!--[if gte mso 9]><xml>\n<w:WordDocument>\n<w:View>Normal<\/w:View>\n<w:Zoom>0<\/w:Zoom>\n<w:HyphenationZone>21<\/w:HyphenationZone>\n<w:DoNotOptimizeForBrowser\/>\n<\/w:WordDocument>\n<\/xml><![endif]--><\/p>\n<p><!--[if gte mso 9]><xml>\n<w:WordDocument>\n<w:View>Normal<\/w:View>\n<w:Zoom>0<\/w:Zoom>\n<w:HyphenationZone>21<\/w:HyphenationZone>\n<w:DoNotOptimizeForBrowser\/>\n<\/w:WordDocument>\n<\/xml><![endif]--><\/p>\n<p class=\"MsoBodyText\"><!--[if gte mso 9]><xml>\n<w:WordDocument>\n<w:View>Normal<\/w:View>\n<w:Zoom>0<\/w:Zoom>\n<w:HyphenationZone>21<\/w:HyphenationZone>\n<w:DoNotOptimizeForBrowser\/>\n<\/w:WordDocument>\n<\/xml><![endif]--><\/p>\n<p class=\"MsoNormal\"><span style=\"font-size: 10.0pt; mso-bidi-font-size: 12.0pt; font-family: Arial;\">Da stand ich nun! Morgens um halb sieben am Langener Waldsee \u2013 eingezw\u00e4ngt in meinen Neo \u2013 gemeinsam mit etwa 2500 anderen Startern, die sich aufmachen wollten, die Langdistanz zu absolvieren<\/span><\/p>\n<p><span style=\"font-size: 10.0pt; mso-bidi-font-size: 12.0pt; font-family: Arial; mso-fareast-font-family: 'Times New Roman'; mso-ansi-language: DE; mso-fareast-language: DE; mso-bidi-language: AR-SA;\">Ich erinnerte mich noch gut an meine Anmeldung zu diesem Wettkampf. War das wirklich schon 12 Monate her???<\/span><span class=\"MsoBodyText\"><br \/>\n<\/span><\/p>\n<p class=\"MsoNormal\" style=\"text-align: justify;\"><span style=\"font-size: 10.0pt; mso-bidi-font-size: 12.0pt; font-family: Arial;\">Ein aufgeregtes Stimmengewirr umgab mich, das augenblicklich verstummte, als die Nationalhymne gespielt wurde. Trotz der ganzen Aufregung ein ber\u00fchrender Moment.<\/span><\/p>\n<p class=\"MsoNormal\" style=\"text-align: justify;\"><span style=\"font-size: 10.0pt; mso-bidi-font-size: 12.0pt; font-family: Arial;\">Nach dem Start der Profis samt einiger ausgeloster Gl\u00fcckspilze, machte sich dann 15 Minuten sp\u00e4ter der gro\u00dfe Pulk auf in`s Wasser. Gegen dieses Gewimmel wirkte die erste Startgruppe, die zum Teil schon das andere Ufer erreicht hatte, fast etwas verloren. Schon vor dem Startschuss kam es zu Tumulten und teilweise durchaus schmerzhaften \u201eAnn\u00e4herungsversuchen\u201c, die ich jedoch allesamt mit Bravour parierte.<\/span><\/p>\n<p class=\"MsoNormal\" style=\"text-align: justify;\"><span style=\"font-size: 10.0pt; mso-bidi-font-size: 12.0pt; font-family: Arial;\">F\u00fcr das Schwimmen hatte sich der Veranstalter somit etwas ganz Besonderes ausgedacht. Es sollte noch besser kommen! Denn kaum gestartet, f\u00fchlte ich mich wie in einem Turbo-Mixer \u2013 so in etwa empfand ich das Schwimmen inmitten von circa 5000 kreisenden Armen: alle nat\u00fcrlich auf dem direktesten Weg zu n\u00e4chsten Boje.<\/span><\/p>\n<p>&nbsp;<\/p>\n<p class=\"MsoNormal\" style=\"text-align: justify;\"><span style=\"font-size: 10.0pt; mso-bidi-font-size: 12.0pt; font-family: Arial;\">F\u00fcr meine Verh\u00e4ltnisse lief das Schwimmen trotz der st\u00e4ndigen Platzk\u00e4mpfe (ich habe auch nicht nachgegeben!) bis zum Landgang ziemlich gut. Danach verlor ich leider beide Badekappen und wei\u00df bis jetzt noch nicht genau, wie es mir dabei gelungen ist, zumindest die Schwimmbrille aufzubehalten.<\/span><\/p>\n<p class=\"MsoNormal\" style=\"text-align: justify;\"><span style=\"font-size: 10.0pt; mso-bidi-font-size: 12.0pt; font-family: Arial;\">Sehen konnte ich trotzdem nichts, weil meine Haare st\u00e4ndig vor meinem Gesicht hin und herwedelten.<\/span><\/p>\n<p class=\"MsoNormal\" style=\"text-align: justify;\"><span style=\"font-size: 10.0pt; mso-bidi-font-size: 12.0pt; font-family: Arial;\">So musste ich alle paar Meter anhalten, um mich zu orientieren und nicht v\u00f6llig vom rechten Wege abzukommen. Das Feld hatte sich inzwischen n\u00e4mlich etwas sortiert und die Gruppe um mich herum war recht \u00fcbersichtlich geworden. Leider war meine am Morgen in m\u00fchevoller Kleinarbeit gekl\u00f6ppelte Wettkampffrisur damit v\u00f6llig ruiniert, was mich aber nicht daran hinderte, grazil wie eine Nixe aus dem Wasser zu schweben ;-).<\/span><\/p>\n<p class=\"MsoNormal\" style=\"text-align: justify;\"><span style=\"font-size: 10.0pt; mso-bidi-font-size: 12.0pt; font-family: Arial;\">Da mich im vergangen Jahr in Wiesbaden der Sand an den F\u00fc\u00dfen und damit auch in den Radschuhen mehr als gest\u00f6rt hatte, war ich dieses mal ger\u00fcstet und hatte eine Flasche Wasser in den Wechselbeutel gepackt. Also erst einmal die F\u00fc\u00dfe gebadet, abgetrocknet und angesichts der zu erwartenden Temperaturen auch noch ordentlich mit Sonnencreme eingeschmiert (nat\u00fcrlich nicht die F\u00fc\u00dfe!!) und ab auf`s Rad. Wie schon beim Abfahren der Strecke einige Wochen zuvor war auch dieses mal der Gegenwind mit von der Partie, was angesichts der zunehmenden Hitze nur bedingt genervt hat. Bis auf die Kopfsteinpflaster-Passage, die mich bis in`s Mark durchgesch\u00fcttelt und das Fahrrad bis auf das \u00c4u\u00dferste strapaziert hat, war die Strecke gut zu fahren, was sicher auch an den vielen Zuschauern lag, die unterwegs f\u00fcr Stimmung sorgten.<\/span><\/p>\n<p class=\"MsoNormal\" style=\"text-align: justify;\"><span style=\"font-size: 10.0pt; mso-bidi-font-size: 12.0pt; font-family: Arial;\">Auf der zweiten Runde machten sich dann aber doch die steigenden Temperaturen bemerkbar und ich konnte den 30er-Schnitt nicht mehr ganz halten. Ehrlich gesagt, f\u00fchlte sich Las Vegas nur unwesentlich w\u00e4rmer an.<\/span><\/p>\n<p class=\"MsoNormal\" style=\"text-align: justify;\"><span style=\"font-size: 10.0pt; mso-bidi-font-size: 12.0pt; font-family: Arial;\">Nach 6h13 auf dem Rad und leicht wundgescheuerter Leiste links kam ich in die zweite Wechselzone. Schnell die Laufschuhe an, nochmals Sonnencreme auf die Schultern und dann los!<\/span><\/p>\n<p><span style=\"font-size: 10.0pt; mso-bidi-font-size: 12.0pt; font-family: Arial; mso-fareast-font-family: 'Times New Roman'; mso-ansi-language: DE; mso-fareast-language: DE; mso-bidi-language: AR-SA;\">Nach 180 km auf dem Rad f\u00fchlte sich das aber gewaltig anders an als sonst. Gott sei Dank gab es alle 1,7 km eine Verpflegungsstelle, die ich auch ausnahmslos nutzte und zwar auf ganzer Linie, im wahrsten Sinne des Wortes. Ich bin immer noch erstaunt, dass mein Magen das ganze Durcheinander so schmerzfrei mitgemacht hat. Wasser \u2013 Cola \u2013 Iso \u2013 Eisw\u00fcrfel in den Anzug \u2013 Schw\u00e4mme. Lediglich die Gels und andere Feststoffe habe ich ausgelassen und hatte dennoch kurz nach der Verpflegungsstelle schon wieder einen trockenen Mund. Bei Temperaturen \u00fcber 30 Grad ja auch nicht unbedingt verwunderlich. So war recht schnell klar, dass das angestrebte Tempo unrealistisch ist und ich drosselte recht fr\u00fch meine Geschwindigkeit, konnte die dann aber weitgehend durchlaufen, was sicher auch an \u201emeinen\u201c mitgereisten Supportern lag. Vielen Dank an euch alle, ihr habt einen super Job gemacht und mich gut \u00fcber den Wettkampf gebracht. Ich habe mich jedes mal gefreut, euch zu sehen, auch wenn das in der letzten Laufrunde vielleicht nicht mehr so aussah. Denn auf den letzten Kilometern taten mir dann doch die Beine weh und ich sehnte mich sehr nach dem vierten und letzten B\u00e4ndchen. Endlich streifte mir eine nette Helferin dieses \u00fcber die Hand und so musste ich nur noch einmal \u00fcber die Mainbr\u00fccke. Wusstet ihr, dass die gef\u00fchlte 250 H\u00f6henmeter hat?? Ich bis zu diesem Moment, ehrlich gesagt, nicht!! Dann durfte auch ich endlich auf den roten Teppich. Wenn ich gekonnt h\u00e4tte, dann h\u00e4tte ich noch schnell das \u201ekleine Schwarze\u201c \u00fcbergeworfen, aber das hatte ich in der morgendlichen Eile vergessen einzupacken. So hat es \u201enur\u201c f\u00fcr einen recht schn\u00f6rkellosen und direkten, aber daf\u00fcr aufrechten Zieleinlauf gereicht. K\u00f6rperlich und mental noch in einem einigerma\u00dfen passablen Zustand, f\u00fcllte ich nach dem Erhalt der Medaille und des Finisher-Shirts gleich meine leeren Kohlenhydratspeicher auf. Mit dem Duschen kam dann auch allm\u00e4hlich die Erkenntnis und Freude: 11h 47 min! Du hast es geschafft: Eisenfrau!!!<\/span><\/p>\n","protected":false},"excerpt":{"rendered":"<p>Erlebnisbericht unserer frischgebackenen Ironwoman<\/p>\n","protected":false},"author":7,"featured_media":3236,"comment_status":"open","ping_status":"open","sticky":false,"template":"","format":"standard","meta":{"colormag_page_container_layout":"default_layout","colormag_page_sidebar_layout":"default_layout","footnotes":""},"categories":[151],"tags":[90],"class_list":["post-3235","post","type-post","status-publish","format-standard","has-post-thumbnail","hentry","category-tria2013","tag-jutta-schang-schild"],"_links":{"self":[{"href":"http:\/\/www.tri-team-fuldatal.de\/index.php?rest_route=\/wp\/v2\/posts\/3235","targetHints":{"allow":["GET"]}}],"collection":[{"href":"http:\/\/www.tri-team-fuldatal.de\/index.php?rest_route=\/wp\/v2\/posts"}],"about":[{"href":"http:\/\/www.tri-team-fuldatal.de\/index.php?rest_route=\/wp\/v2\/types\/post"}],"author":[{"embeddable":true,"href":"http:\/\/www.tri-team-fuldatal.de\/index.php?rest_route=\/wp\/v2\/users\/7"}],"replies":[{"embeddable":true,"href":"http:\/\/www.tri-team-fuldatal.de\/index.php?rest_route=%2Fwp%2Fv2%2Fcomments&post=3235"}],"version-history":[{"count":3,"href":"http:\/\/www.tri-team-fuldatal.de\/index.php?rest_route=\/wp\/v2\/posts\/3235\/revisions"}],"predecessor-version":[{"id":3238,"href":"http:\/\/www.tri-team-fuldatal.de\/index.php?rest_route=\/wp\/v2\/posts\/3235\/revisions\/3238"}],"wp:featuredmedia":[{"embeddable":true,"href":"http:\/\/www.tri-team-fuldatal.de\/index.php?rest_route=\/wp\/v2\/media\/3236"}],"wp:attachment":[{"href":"http:\/\/www.tri-team-fuldatal.de\/index.php?rest_route=%2Fwp%2Fv2%2Fmedia&parent=3235"}],"wp:term":[{"taxonomy":"category","embeddable":true,"href":"http:\/\/www.tri-team-fuldatal.de\/index.php?rest_route=%2Fwp%2Fv2%2Fcategories&post=3235"},{"taxonomy":"post_tag","embeddable":true,"href":"http:\/\/www.tri-team-fuldatal.de\/index.php?rest_route=%2Fwp%2Fv2%2Ftags&post=3235"}],"curies":[{"name":"wp","href":"https:\/\/api.w.org\/{rel}","templated":true}]}}