{"id":3196,"date":"2013-07-11T12:22:39","date_gmt":"2013-07-11T11:22:39","guid":{"rendered":"http:\/\/www.tri-team-fuldatal.de\/?p=3196"},"modified":"2013-07-11T12:37:28","modified_gmt":"2013-07-11T11:37:28","slug":"ironman-frankfurt-2013","status":"publish","type":"post","link":"http:\/\/www.tri-team-fuldatal.de\/?p=3196","title":{"rendered":"Ironman Frankfurt 2013"},"content":{"rendered":"<p><!--[if gte mso 9]><xml>\n<w:WordDocument>\n<w:View>Normal<\/w:View>\n<w:Zoom>0<\/w:Zoom>\n<w:HyphenationZone>21<\/w:HyphenationZone>\n<w:DoNotOptimizeForBrowser\/>\n<\/w:WordDocument>\n<\/xml><![endif]--><\/p>\n<p class=\"MsoNormal\"><span style=\"font-family: Tahoma;\">Frankfurt &#8211; W\u00e4hrend die Vorjahre meist von Regen gepr\u00e4gt waren, so hatten unsere Eisenm\u00e4nner und -frauen in diesem Jahr mit deutlich h\u00f6heren Temperaturen zu k\u00e4mpfen.<\/span><\/p>\n<p class=\"MsoNormal\"><span style=\"font-family: Tahoma;\">Nach der atemberaubenden Atmosph\u00e4re am fr\u00fchmorgendlichen Schwimmstart im Langener Waldsee legten unsere Athleten passable Schwimmzeiten hin. Jutta strahlte beim Landgang unsere Supportcrew an, sie war sichtlich zufrieden. Konnte sie auch, denn sie verlie\u00df nach 1:22h das Wasser. J\u00fcrgen pr\u00e4sentierte sich in Top-Form und pfl\u00fcgte in nur 1:04h durch das k\u00fchle Nass. Jost folgte nach und verlie\u00df nach 1:10h das feuchte Element. Weiter ging es auf das zweir\u00e4drige Stra\u00dfengef\u00e4hrt. Vor unseren Athleten liegen lange 180km. <\/span><span lang=\"EN-GB\" style=\"font-family: Tahoma; mso-ansi-language: EN-GB;\">Am Heartbreak-Hill passt die Supportcrew Jutta ab. <\/span><span style=\"font-family: Tahoma;\">Sie sieht super entspannt aus. Bei Km124 strahlt sie immer noch und f\u00e4hrt und f\u00e4hrt. <\/span><\/p>\n<figure id=\"attachment_3197\" aria-describedby=\"caption-attachment-3197\" style=\"width: 300px\" class=\"wp-caption aligncenter\"><a href=\"http:\/\/www.tri-team-fuldatal.de\/wp-content\/uploads\/2013\/07\/2013-IronmanFfMJutta.jpg\"><img loading=\"lazy\" decoding=\"async\" class=\"size-medium wp-image-3197 \" alt=\"2013 IronmanFfMJutta\" src=\"http:\/\/www.tri-team-fuldatal.de\/wp-content\/uploads\/2013\/07\/2013-IronmanFfMJutta-300x235.jpg\" width=\"300\" height=\"235\" srcset=\"http:\/\/www.tri-team-fuldatal.de\/wp-content\/uploads\/2013\/07\/2013-IronmanFfMJutta-300x235.jpg 300w, http:\/\/www.tri-team-fuldatal.de\/wp-content\/uploads\/2013\/07\/2013-IronmanFfMJutta.jpg 484w\" sizes=\"auto, (max-width: 300px) 100vw, 300px\" \/><\/a><figcaption id=\"caption-attachment-3197\" class=\"wp-caption-text\">Strahlte mit der Sonne um die Wette: Ironmandeb\u00fctantin Jutta Schang-Schild<\/figcaption><\/figure>\n<p class=\"MsoNormal\"><span style=\"font-family: Tahoma;\">J\u00fcrgen ist auf dem Rad weit vorne dabei und zeigt sich mit extrem starker Radperformance. Auch bei Jost l\u00e4uft es rund und er kann bereits nach 5:24h den Drahtesel (Verzeihung, aber \u201eCarbonesel\u201c klingt echt bl\u00f6d;-) ) gegen die Laufschuhe tauschen. J\u00fcrgen hat nach einem tollen Radsplit von 5:20h ein wenig mit Ischiasproblemen beim Laufen zu k\u00e4mpfen, aber schl\u00e4gt sich wacker. Auch Jost erleidet einen kleinen Einbruch auf der gl\u00fchenden Laufstrecke, f\u00e4ngt sich aber wieder und macht sein Ding. Jutta strahlt auch bei der dritten Disziplin nach wie vor mit der Sonne um die Wette. Alles l\u00e4uft nach Plan.<\/span><\/p>\n<figure id=\"attachment_3198\" aria-describedby=\"caption-attachment-3198\" style=\"width: 300px\" class=\"wp-caption aligncenter\"><a href=\"http:\/\/www.tri-team-fuldatal.de\/wp-content\/uploads\/2013\/07\/2013-IronmanFfMJ\u00fcrgen.jpg\"><img loading=\"lazy\" decoding=\"async\" class=\"size-medium wp-image-3198 \" alt=\"2013 IronmanFfMJ\u00fcrgen\" src=\"http:\/\/www.tri-team-fuldatal.de\/wp-content\/uploads\/2013\/07\/2013-IronmanFfMJ\u00fcrgen-300x295.jpg\" width=\"300\" height=\"295\" srcset=\"http:\/\/www.tri-team-fuldatal.de\/wp-content\/uploads\/2013\/07\/2013-IronmanFfMJ\u00fcrgen-300x295.jpg 300w, http:\/\/www.tri-team-fuldatal.de\/wp-content\/uploads\/2013\/07\/2013-IronmanFfMJ\u00fcrgen-36x36.jpg 36w, http:\/\/www.tri-team-fuldatal.de\/wp-content\/uploads\/2013\/07\/2013-IronmanFfMJ\u00fcrgen.jpg 360w\" sizes=\"auto, (max-width: 300px) 100vw, 300px\" \/><\/a><figcaption id=\"caption-attachment-3198\" class=\"wp-caption-text\">Mit starker Radperformance: J\u00fcrgen Rademacher<\/figcaption><\/figure>\n<p>&nbsp;<\/p>\n<p class=\"MsoNormal\"><span style=\"font-family: Tahoma;\">Nach 10:42:30h rennt J\u00fcrgen als erster unserer drei Eisensch\u00fctzlinge auf dem Frankfurter R\u00f6mer ins Ziel. Jost peilt lange die 11-Stunden-Marke an und \u00fcberquert schlie\u00dflich nach 11:06:08h die hei\u00dfersehnte Ziellinie. Juttas Wunschzeit lag an diesem Tag bei 12-Stunden und unsere Eisenfrau konnte diese Zeit mit einem Finish nach 11:46h sogar unterbieten. Was ein Ironman-Deb\u00fct!<\/span><\/p>\n<p>&nbsp;<\/p>\n<p class=\"MsoNormal\"><span style=\"font-family: Tahoma;\">Einen riesigen Gl\u00fcckwunsch an unsere zwei Ironmen &amp;<span style=\"mso-spacerun: yes;\">\u00a0 <\/span>unsere Ironwoman!!!! <\/span><\/p>\n<p>&nbsp;<\/p>\n","protected":false},"excerpt":{"rendered":"<p>Starke Leistungen im Backofen von Frankfurt <\/p>\n","protected":false},"author":7,"featured_media":3206,"comment_status":"open","ping_status":"open","sticky":false,"template":"","format":"standard","meta":{"colormag_page_container_layout":"default_layout","colormag_page_sidebar_layout":"default_layout","footnotes":""},"categories":[151],"tags":[27,7,90],"class_list":["post-3196","post","type-post","status-publish","format-standard","has-post-thumbnail","hentry","category-tria2013","tag-jost-wesemuller","tag-jurgen-rademacher","tag-jutta-schang-schild"],"_links":{"self":[{"href":"http:\/\/www.tri-team-fuldatal.de\/index.php?rest_route=\/wp\/v2\/posts\/3196","targetHints":{"allow":["GET"]}}],"collection":[{"href":"http:\/\/www.tri-team-fuldatal.de\/index.php?rest_route=\/wp\/v2\/posts"}],"about":[{"href":"http:\/\/www.tri-team-fuldatal.de\/index.php?rest_route=\/wp\/v2\/types\/post"}],"author":[{"embeddable":true,"href":"http:\/\/www.tri-team-fuldatal.de\/index.php?rest_route=\/wp\/v2\/users\/7"}],"replies":[{"embeddable":true,"href":"http:\/\/www.tri-team-fuldatal.de\/index.php?rest_route=%2Fwp%2Fv2%2Fcomments&post=3196"}],"version-history":[{"count":7,"href":"http:\/\/www.tri-team-fuldatal.de\/index.php?rest_route=\/wp\/v2\/posts\/3196\/revisions"}],"predecessor-version":[{"id":3202,"href":"http:\/\/www.tri-team-fuldatal.de\/index.php?rest_route=\/wp\/v2\/posts\/3196\/revisions\/3202"}],"wp:featuredmedia":[{"embeddable":true,"href":"http:\/\/www.tri-team-fuldatal.de\/index.php?rest_route=\/wp\/v2\/media\/3206"}],"wp:attachment":[{"href":"http:\/\/www.tri-team-fuldatal.de\/index.php?rest_route=%2Fwp%2Fv2%2Fmedia&parent=3196"}],"wp:term":[{"taxonomy":"category","embeddable":true,"href":"http:\/\/www.tri-team-fuldatal.de\/index.php?rest_route=%2Fwp%2Fv2%2Fcategories&post=3196"},{"taxonomy":"post_tag","embeddable":true,"href":"http:\/\/www.tri-team-fuldatal.de\/index.php?rest_route=%2Fwp%2Fv2%2Ftags&post=3196"}],"curies":[{"name":"wp","href":"https:\/\/api.w.org\/{rel}","templated":true}]}}