{"id":2954,"date":"2013-04-14T20:52:45","date_gmt":"2013-04-14T19:52:45","guid":{"rendered":"http:\/\/www.tri-team-fuldatal.de\/?p=2954"},"modified":"2013-05-15T07:14:17","modified_gmt":"2013-05-15T06:14:17","slug":"38-volkslauf-der-lg-fuldatal-tobi-kisling-mit-silbernen-beinen","status":"publish","type":"post","link":"http:\/\/www.tri-team-fuldatal.de\/?p=2954","title":{"rendered":"38. Volkslauf der LG Fuldatal &#8211; Tobi Kisling mit silbernen Beinen"},"content":{"rendered":"<p><!--[if gte mso 9]><xml>\n<w:WordDocument>\n<w:View>Normal<\/w:View>\n<w:Zoom>0<\/w:Zoom>\n<w:HyphenationZone>21<\/w:HyphenationZone>\n<w:DoNotOptimizeForBrowser\/>\n<\/w:WordDocument>\n<\/xml><![endif]--><\/p>\n<p><!--[if gte mso 9]><xml>\n<w:WordDocument>\n<w:View>Normal<\/w:View>\n<w:Zoom>0<\/w:Zoom>\n<w:HyphenationZone>21<\/w:HyphenationZone>\n<w:DoNotOptimizeForBrowser\/>\n<\/w:WordDocument>\n<\/xml><![endif]--><\/p>\n<p style=\"text-align: justify;\"><span style=\"font-size: 10.0pt; mso-bidi-font-size: 12.0pt; font-family: Tahoma;\">Kassel\/Fuldatal &#8211; Flinke Beine waren am 7.April im sch\u00f6nen Fuldatal unterwegs. 24 davon geh\u00f6rten Athletinnen und Athleten vom Tri-Team Fuldatal. Unsere 12 L\u00e4ufer deckten dabei alle Distanzen ab. Allen vorran starteten die Kids \u00fcber 1000m auf der Aschebahn. Liv-Kathy G\u00f6bel rannte in 3:56min ins Ziel musste sich aber gegen ihre starke Konkurrenz mit einem 4.Platz der weiblichen U12 zufrieden geben. Lilly A\u00dfmy ben\u00f6tigte auf der selben Strecke 4:43min und erreichte den Silberrang der weiblichen U10. Ihr Bruder Linus war ebenfalls auf Silberkurs und wurde in 3:47min 2. in der Wertung der m\u00e4nnlichen U12. Lovina L\u00f6ber, die in dieser Saison unsere Tri-Kids aufmischen wird, rannte in 3:45min \u00fcber die Bahn und belegte den 5.Platz in der weiblichen U14.<\/span><\/p>\n<p style=\"text-align: justify;\"><span style=\"font-size: 10.0pt; mso-bidi-font-size: 12.0pt; font-family: Tahoma;\">Linus A\u00dfmy gab sich wie so oft nicht mit der 1000m-Strecke zufrieden und ging zus\u00e4tzlich \u00fcber die 5,4km-Distanz an den Start. Die Silberstr\u00e4hne begleitete ihn dabei an diesem Tag und er wurde in 27:43min\u00a0 auch \u00fcber diese Strecke 2. der U12. Neben Linus absolvierte auch Andreas Kisling diese Laufstrecke rund um die M\u00e4rchenm\u00fchle mit einem Anstieg im Schlangenweg. Andreas erreichte nach 20:37min die Ziellinie und auch er belegte den 2.Platz in der M50.<\/span><\/p>\n<p style=\"text-align: justify;\"><span style=\"font-size: 10.0pt; mso-bidi-font-size: 12.0pt; font-family: Tahoma;\">F\u00fcnf Tri-Teamler wagten sich auf die 11,5km lange Wettkampfstrecke, mit Ziel im Stadion Eichhecke. Marion Holl vertrat dabei die Damen und belegte mit einer Zeit von 56:46 min den dritten Rang in der W45. Bei den Herren mischte Tobias Kisling wiedereinmal an der Spitze des starken Feldes mit, musste jedoch den sp\u00e4teren Gesamtsieger ziehen lassen und erreichte in 41:20min,\u00a0 etwa eine halbe Minute nach ihm, den sicheren 2.Platz der Gesamtwertung \u00fcber 11,5km. Gerrit Krug absolvierte ebenfalls, von den ersten Fr\u00fchlingsboten gelockt, die 11,5km-Distanz.\u00a0 Er blieb dabei unter einer Stunde und wurde 10. der M35. Christian Bierwirth und Norbert Grubschat gingen &#8222;undercover&#8220; f\u00fcr den Campus Wolfsanger an die Startlinie.<\/span><\/p>\n<p style=\"text-align: justify;\"><span style=\"font-size: 10.0pt; mso-bidi-font-size: 12.0pt; font-family: Tahoma;\">Uwe Wittig und Bert A\u00dfmy wollten ihre Form auf der Langstrecke unter die Lupe nehmen und starteten beide \u00fcber 20,6km. Uwe ben\u00f6tigte 1:44:06 Stunden f\u00fcr die mit ordentlich H\u00f6henmetern gespickte Strecke und wurde damit 5. der M45. Bert folgte ihm \u00fcber die Distanz durchs sch\u00f6ne Fuldatal nach und erreichte nach 1:57:28 Stunden das Ziel.<\/span><\/p>\n<p>&nbsp;<\/p>\n<p style=\"text-align: justify;\"><strong><span style=\"font-size: 10.0pt; mso-bidi-font-size: 12.0pt; font-family: Tahoma;\">Die Ergebnisse vom 3. Nordhessencuplauf im Fuldatal:<\/span><\/strong><\/p>\n<p style=\"text-align: justify;\"><strong><span style=\"font-size: 10.0pt; mso-bidi-font-size: 12.0pt; font-family: Tahoma;\">1000m<\/span><\/strong><\/p>\n<p style=\"text-align: justify;\"><span style=\"font-size: 10.0pt; mso-bidi-font-size: 12.0pt; font-family: Tahoma;\">Liv-Kathy G\u00f6bel, U12 w , 3:56 Minuten &#8211; Altersklassenplatz 4<\/span><\/p>\n<p style=\"text-align: justify;\"><span style=\"font-size: 10.0pt; mso-bidi-font-size: 12.0pt; font-family: Tahoma;\">Lilly A\u00dfmy, U10 w, 4:43 Minuten &#8211; Altersklassenplatz 2<\/span><\/p>\n<p style=\"text-align: justify;\"><span style=\"font-size: 10.0pt; mso-bidi-font-size: 12.0pt; font-family: Tahoma;\">Lovina L\u00f6ber, U14 w, 3:45 Minuten &#8211; Altersklassenplatz 5<\/span><\/p>\n<p style=\"text-align: justify;\"><span style=\"font-size: 10.0pt; mso-bidi-font-size: 12.0pt; font-family: Tahoma;\">Linus A\u00dfmy, U12 m, 3:47 Minuten &#8211; Altersklassenplatz 2<\/span><\/p>\n<p>&nbsp;<\/p>\n<p style=\"text-align: justify;\"><strong><span style=\"font-size: 10.0pt; mso-bidi-font-size: 12.0pt; font-family: Tahoma;\">5,4km<\/span><\/strong><\/p>\n<p style=\"text-align: justify;\"><span style=\"font-size: 10.0pt; mso-bidi-font-size: 12.0pt; font-family: Tahoma;\">Andreas Kisling, M50, 20:37 Minuten &#8211; Altersklassenplatz 2<\/span><\/p>\n<p style=\"text-align: justify;\"><span style=\"font-size: 10.0pt; mso-bidi-font-size: 12.0pt; font-family: Tahoma;\">Linus A\u00dfmy, U12 m, 27:43 Minuten &#8211; Altersklassenplatz 2<\/span><\/p>\n<p>&nbsp;<\/p>\n<p style=\"text-align: justify;\"><strong><span style=\"font-size: 10.0pt; mso-bidi-font-size: 12.0pt; font-family: Tahoma;\">11,5km<\/span><\/strong><\/p>\n<p style=\"text-align: justify;\"><span style=\"font-size: 10.0pt; mso-bidi-font-size: 12.0pt; font-family: Tahoma;\">Marion Holl, W45, 56:46 Minuten &#8211; Altersklassenplatz 3<\/span><\/p>\n<p style=\"text-align: justify;\"><span style=\"font-size: 10.0pt; mso-bidi-font-size: 12.0pt; font-family: Tahoma;\">Tobias Kisling, U23 m, 41:20 Minuten &#8211; Altersklassneplatz 1 &#8211; Gesamtplatz 2<\/span><\/p>\n<p style=\"text-align: justify;\"><span style=\"font-size: 10.0pt; mso-bidi-font-size: 12.0pt; font-family: Tahoma;\">Christian Bierwirth, M35, 52:05 Minuten &#8211; Altersklassenplatz 8<\/span><\/p>\n<p style=\"text-align: justify;\"><span style=\"font-size: 10.0pt; mso-bidi-font-size: 12.0pt; font-family: Tahoma;\">Gerrit Krug, M35, 59:30 Minuten &#8211; Altersklassenplatz 10<\/span><\/p>\n<p style=\"text-align: justify;\"><span style=\"font-size: 10.0pt; mso-bidi-font-size: 12.0pt; font-family: Tahoma;\">Norbert Grubschat, M45, 1:03:54 Stunden &#8211; Altersklassenplatz 17<\/span><\/p>\n<p>&nbsp;<\/p>\n<p style=\"text-align: justify;\"><strong><span style=\"font-size: 10.0pt; mso-bidi-font-size: 12.0pt; font-family: Tahoma;\">20,6km<\/span><\/strong><\/p>\n<p style=\"text-align: justify;\"><span style=\"font-size: 10.0pt; mso-bidi-font-size: 12.0pt; font-family: Tahoma;\">Uwe Wittig, M45, 1:44:06 Stunden &#8211; Altersklassenplatz 5<\/span><\/p>\n<p><span style=\"font-size: 10.0pt; mso-bidi-font-size: 12.0pt; font-family: Tahoma; mso-fareast-font-family: 'Times New Roman'; mso-ansi-language: DE; mso-fareast-language: DE; mso-bidi-language: AR-SA;\">Bert A\u00dfmy, M50, 1:57:28 Stunden &#8211; Altersklassenplatz 11<\/span><\/p>\n","protected":false},"excerpt":{"rendered":"<p>3.Wertungslauf des NHC 2013<\/p>\n","protected":false},"author":7,"featured_media":2965,"comment_status":"open","ping_status":"open","sticky":false,"template":"","format":"standard","meta":{"colormag_page_container_layout":"default_layout","colormag_page_sidebar_layout":"default_layout","footnotes":""},"categories":[148],"tags":[110,5,31,50,112,25],"class_list":["post-2954","post","type-post","status-publish","format-standard","has-post-thumbnail","hentry","category-lauf-2013","tag-andreas-kisling","tag-bert-assmy","tag-christian-bierwirth","tag-gerrit-krug","tag-marion-holl","tag-uwe-wittig"],"_links":{"self":[{"href":"http:\/\/www.tri-team-fuldatal.de\/index.php?rest_route=\/wp\/v2\/posts\/2954","targetHints":{"allow":["GET"]}}],"collection":[{"href":"http:\/\/www.tri-team-fuldatal.de\/index.php?rest_route=\/wp\/v2\/posts"}],"about":[{"href":"http:\/\/www.tri-team-fuldatal.de\/index.php?rest_route=\/wp\/v2\/types\/post"}],"author":[{"embeddable":true,"href":"http:\/\/www.tri-team-fuldatal.de\/index.php?rest_route=\/wp\/v2\/users\/7"}],"replies":[{"embeddable":true,"href":"http:\/\/www.tri-team-fuldatal.de\/index.php?rest_route=%2Fwp%2Fv2%2Fcomments&post=2954"}],"version-history":[{"count":9,"href":"http:\/\/www.tri-team-fuldatal.de\/index.php?rest_route=\/wp\/v2\/posts\/2954\/revisions"}],"predecessor-version":[{"id":2968,"href":"http:\/\/www.tri-team-fuldatal.de\/index.php?rest_route=\/wp\/v2\/posts\/2954\/revisions\/2968"}],"wp:featuredmedia":[{"embeddable":true,"href":"http:\/\/www.tri-team-fuldatal.de\/index.php?rest_route=\/wp\/v2\/media\/2965"}],"wp:attachment":[{"href":"http:\/\/www.tri-team-fuldatal.de\/index.php?rest_route=%2Fwp%2Fv2%2Fmedia&parent=2954"}],"wp:term":[{"taxonomy":"category","embeddable":true,"href":"http:\/\/www.tri-team-fuldatal.de\/index.php?rest_route=%2Fwp%2Fv2%2Fcategories&post=2954"},{"taxonomy":"post_tag","embeddable":true,"href":"http:\/\/www.tri-team-fuldatal.de\/index.php?rest_route=%2Fwp%2Fv2%2Ftags&post=2954"}],"curies":[{"name":"wp","href":"https:\/\/api.w.org\/{rel}","templated":true}]}}