{"id":2434,"date":"2013-02-12T23:19:32","date_gmt":"2013-02-12T22:19:32","guid":{"rendered":"http:\/\/www.tri-team-fuldatal.de\/?p=2434"},"modified":"2013-04-10T11:45:02","modified_gmt":"2013-04-10T10:45:02","slug":"4-lauf-der-winterlaufserie-in-ahnatal","status":"publish","type":"post","link":"http:\/\/www.tri-team-fuldatal.de\/?p=2434","title":{"rendered":"4. Lauf der Winterlaufserie in Ahnatal"},"content":{"rendered":"<p>Ahnatal bei Kassel &#8211; Bei strahlendem Sonnenschein war der popul\u00e4re Volkslauf mit 192 L\u00e4uferinnen und L\u00e4ufern f\u00fcr Temperaturen um \u20135\u00b0C gut besetzt.<\/p>\n<p>Auch vom Tri-Team Fuldatal waren insgesamt sieben Athletinnen und Athleten bei eisiger K\u00e4lte am Start. Vier davon stellten sich der 5km-Distanz. Daniel Gebert platzierte sich dabei in einer Zeit von 17:50min. auf dem Bronzerang. Linus und Bert A\u00dfmy gingen wieder einmal im Vater-Sohn-Duo auf die Strecke und Sandra N\u00f6lker mischte in der Wertung der Damen mit.<\/p>\n<p>Bei leicht verschneiten und tiefgefrorenen Wegen k\u00e4mpften sich Florian Beisheim und Claudia Kisling \u00fcber die doppelte Distanz der 10km-Strecke.Beisheim erreichte dabei als gesamt achter Teilnehmer die Ziellinie in einer Zeit von 41:15,9min.<\/p>\n<p>Bei den Kids gewann Lilly A\u00dfmy ihre Altersklassenwertung der W8.<\/p>\n<figure id=\"attachment_2435\" aria-describedby=\"caption-attachment-2435\" style=\"width: 300px\" class=\"wp-caption aligncenter\"><a href=\"http:\/\/www.tri-team-fuldatal.de\/wp-content\/uploads\/2013\/02\/2013-02-10Winterlauf4.jpg\"><img loading=\"lazy\" decoding=\"async\" class=\"size-medium wp-image-2435 \" alt=\"Linus und Bert waren beim Winterlauf wiedereinmal als Vater-Sohn-Duo am Start.\" src=\"http:\/\/www.tri-team-fuldatal.de\/wp-content\/uploads\/2013\/02\/2013-02-10Winterlauf4-300x200.jpg\" width=\"300\" height=\"200\" srcset=\"http:\/\/www.tri-team-fuldatal.de\/wp-content\/uploads\/2013\/02\/2013-02-10Winterlauf4-300x200.jpg 300w, http:\/\/www.tri-team-fuldatal.de\/wp-content\/uploads\/2013\/02\/2013-02-10Winterlauf4-1024x682.jpg 1024w, http:\/\/www.tri-team-fuldatal.de\/wp-content\/uploads\/2013\/02\/2013-02-10Winterlauf4.jpg 1152w\" sizes=\"auto, (max-width: 300px) 100vw, 300px\" \/><\/a><figcaption id=\"caption-attachment-2435\" class=\"wp-caption-text\">Linus und Bert waren beim Winterlauf wiedereinmal als Vater-Sohn-Duo am Start.<\/figcaption><\/figure>\n<table width=\"626\" border=\"1\" cellspacing=\"0\" cellpadding=\"0\" align=\"left\">\n<tbody>\n<tr>\n<td valign=\"top\" width=\"154\"><strong>5km<\/strong><\/td>\n<td valign=\"top\" width=\"154\"><\/td>\n<td valign=\"top\" width=\"154\"><\/td>\n<td valign=\"top\" width=\"154\"><\/td>\n<\/tr>\n<tr>\n<td valign=\"top\" width=\"154\">Gebert, Daniel<\/td>\n<td valign=\"top\" width=\"154\">17:50,0<\/td>\n<td valign=\"top\" width=\"154\">3.M30<\/td>\n<td valign=\"top\" width=\"154\">3. Gesamt<\/td>\n<\/tr>\n<tr>\n<td valign=\"top\" width=\"154\">A\u00dfmy, Linus<\/td>\n<td valign=\"top\" width=\"154\">27:28,3<\/td>\n<td valign=\"top\" width=\"154\">4.MS<\/td>\n<td valign=\"top\" width=\"154\">57. Gesamt<\/td>\n<\/tr>\n<tr>\n<td valign=\"top\" width=\"154\">A\u00dfmy, Bert<\/td>\n<td valign=\"top\" width=\"154\">27:28,7<\/td>\n<td valign=\"top\" width=\"154\">14.M50<\/td>\n<td valign=\"top\" width=\"154\">58. Gesamt<\/td>\n<\/tr>\n<tr>\n<td valign=\"top\" width=\"154\">N\u00f6lker, Sandra<\/td>\n<td valign=\"top\" width=\"154\">28:34,8<\/td>\n<td valign=\"top\" width=\"154\">5.M20<\/td>\n<td valign=\"top\" width=\"154\">66. Gesamt<\/td>\n<\/tr>\n<tr>\n<td valign=\"top\" width=\"154\"><\/td>\n<td valign=\"top\" width=\"154\"><\/td>\n<td valign=\"top\" width=\"154\"><\/td>\n<td valign=\"top\" width=\"154\"><\/td>\n<\/tr>\n<tr>\n<td valign=\"top\" width=\"154\"><strong>10km<\/strong><\/td>\n<td valign=\"top\" width=\"154\"><\/td>\n<td valign=\"top\" width=\"154\"><\/td>\n<td valign=\"top\" width=\"154\"><\/td>\n<\/tr>\n<tr>\n<td valign=\"top\" width=\"154\">Beisheim, Florian<\/td>\n<td valign=\"top\" width=\"154\">41:15,9<\/td>\n<td valign=\"top\" width=\"154\">4.M20<\/td>\n<td valign=\"top\" width=\"154\">8. Gesamt<\/td>\n<\/tr>\n<tr>\n<td valign=\"top\" width=\"154\">Kisling, Claudia<\/td>\n<td valign=\"top\" width=\"154\">51:00,2<\/td>\n<td valign=\"top\" width=\"154\">5.W40<\/td>\n<td valign=\"top\" width=\"154\">41. Gesamt<\/td>\n<\/tr>\n<tr>\n<td valign=\"top\" width=\"154\"><\/td>\n<td valign=\"top\" width=\"154\"><\/td>\n<td valign=\"top\" width=\"154\"><\/td>\n<td valign=\"top\" width=\"154\"><\/td>\n<\/tr>\n<tr>\n<td valign=\"top\" width=\"154\"><strong>1100m<\/strong><\/td>\n<td valign=\"top\" width=\"154\"><\/td>\n<td valign=\"top\" width=\"154\"><\/td>\n<td valign=\"top\" width=\"154\"><\/td>\n<\/tr>\n<tr>\n<td valign=\"top\" width=\"154\">A\u00dfmy, Lilly<\/td>\n<td valign=\"top\" width=\"154\">5:24,1<\/td>\n<td valign=\"top\" width=\"154\">1. W8<\/td>\n<td valign=\"top\" width=\"154\">6. Gesamt<\/td>\n<\/tr>\n<\/tbody>\n<\/table>\n<p>&nbsp;<\/p>\n<figure id=\"attachment_2438\" aria-describedby=\"caption-attachment-2438\" style=\"width: 300px\" class=\"wp-caption aligncenter\"><a href=\"http:\/\/www.tri-team-fuldatal.de\/wp-content\/uploads\/2013\/02\/2013-02-10Winterlauf4sandra.jpg\"><img loading=\"lazy\" decoding=\"async\" class=\"size-medium wp-image-2438 \" alt=\"2013-02-10Winterlauf4sandra\" src=\"http:\/\/www.tri-team-fuldatal.de\/wp-content\/uploads\/2013\/02\/2013-02-10Winterlauf4sandra-300x200.jpg\" width=\"300\" height=\"200\" srcset=\"http:\/\/www.tri-team-fuldatal.de\/wp-content\/uploads\/2013\/02\/2013-02-10Winterlauf4sandra-300x200.jpg 300w, http:\/\/www.tri-team-fuldatal.de\/wp-content\/uploads\/2013\/02\/2013-02-10Winterlauf4sandra-1024x682.jpg 1024w, http:\/\/www.tri-team-fuldatal.de\/wp-content\/uploads\/2013\/02\/2013-02-10Winterlauf4sandra.jpg 1152w\" sizes=\"auto, (max-width: 300px) 100vw, 300px\" \/><\/a><figcaption id=\"caption-attachment-2438\" class=\"wp-caption-text\">Sandra N\u00f6lker scheute die K\u00e4lte nicht.<\/figcaption><\/figure>\n<p>&nbsp;<\/p>\n<figure id=\"attachment_2437\" aria-describedby=\"caption-attachment-2437\" style=\"width: 188px\" class=\"wp-caption aligncenter\"><a href=\"http:\/\/www.tri-team-fuldatal.de\/wp-content\/uploads\/2013\/02\/2013-02-10Winterlauf4claudia.jpg\"><img loading=\"lazy\" decoding=\"async\" class=\"size-medium wp-image-2437 \" alt=\"2013-02-10Winterlauf4claudia\" src=\"http:\/\/www.tri-team-fuldatal.de\/wp-content\/uploads\/2013\/02\/2013-02-10Winterlauf4claudia-188x300.jpg\" width=\"188\" height=\"300\" srcset=\"http:\/\/www.tri-team-fuldatal.de\/wp-content\/uploads\/2013\/02\/2013-02-10Winterlauf4claudia-188x300.jpg 188w, http:\/\/www.tri-team-fuldatal.de\/wp-content\/uploads\/2013\/02\/2013-02-10Winterlauf4claudia-644x1024.jpg 644w, http:\/\/www.tri-team-fuldatal.de\/wp-content\/uploads\/2013\/02\/2013-02-10Winterlauf4claudia.jpg 768w\" sizes=\"auto, (max-width: 188px) 100vw, 188px\" \/><\/a><figcaption id=\"caption-attachment-2437\" class=\"wp-caption-text\">Claudia Kisling hatte sichtlich Spa\u00df am Lauf.<\/figcaption><\/figure>\n<p>&nbsp;<\/p>\n<p>&nbsp;<\/p>\n","protected":false},"excerpt":{"rendered":"<p>Winterlaufserie Ahnatal 10.02.13<\/p>\n","protected":false},"author":7,"featured_media":2435,"comment_status":"open","ping_status":"open","sticky":false,"template":"","format":"standard","meta":{"colormag_page_container_layout":"default_layout","colormag_page_sidebar_layout":"default_layout","footnotes":""},"categories":[148],"tags":[5,107,105],"class_list":["post-2434","post","type-post","status-publish","format-standard","has-post-thumbnail","hentry","category-lauf-2013","tag-bert-assmy","tag-claudia-kisling","tag-daniel-gebert"],"_links":{"self":[{"href":"http:\/\/www.tri-team-fuldatal.de\/index.php?rest_route=\/wp\/v2\/posts\/2434","targetHints":{"allow":["GET"]}}],"collection":[{"href":"http:\/\/www.tri-team-fuldatal.de\/index.php?rest_route=\/wp\/v2\/posts"}],"about":[{"href":"http:\/\/www.tri-team-fuldatal.de\/index.php?rest_route=\/wp\/v2\/types\/post"}],"author":[{"embeddable":true,"href":"http:\/\/www.tri-team-fuldatal.de\/index.php?rest_route=\/wp\/v2\/users\/7"}],"replies":[{"embeddable":true,"href":"http:\/\/www.tri-team-fuldatal.de\/index.php?rest_route=%2Fwp%2Fv2%2Fcomments&post=2434"}],"version-history":[{"count":28,"href":"http:\/\/www.tri-team-fuldatal.de\/index.php?rest_route=\/wp\/v2\/posts\/2434\/revisions"}],"predecessor-version":[{"id":2458,"href":"http:\/\/www.tri-team-fuldatal.de\/index.php?rest_route=\/wp\/v2\/posts\/2434\/revisions\/2458"}],"wp:featuredmedia":[{"embeddable":true,"href":"http:\/\/www.tri-team-fuldatal.de\/index.php?rest_route=\/wp\/v2\/media\/2435"}],"wp:attachment":[{"href":"http:\/\/www.tri-team-fuldatal.de\/index.php?rest_route=%2Fwp%2Fv2%2Fmedia&parent=2434"}],"wp:term":[{"taxonomy":"category","embeddable":true,"href":"http:\/\/www.tri-team-fuldatal.de\/index.php?rest_route=%2Fwp%2Fv2%2Fcategories&post=2434"},{"taxonomy":"post_tag","embeddable":true,"href":"http:\/\/www.tri-team-fuldatal.de\/index.php?rest_route=%2Fwp%2Fv2%2Ftags&post=2434"}],"curies":[{"name":"wp","href":"https:\/\/api.w.org\/{rel}","templated":true}]}}