{"id":2291,"date":"2013-01-01T20:12:05","date_gmt":"2013-01-01T19:12:05","guid":{"rendered":"http:\/\/www.tri-team-fuldatal.de\/?p=2291"},"modified":"2013-01-04T22:17:40","modified_gmt":"2013-01-04T21:17:40","slug":"silvesterlauf-kaufungen","status":"publish","type":"post","link":"http:\/\/www.tri-team-fuldatal.de\/?p=2291","title":{"rendered":"Silvesterlauf Kaufungen"},"content":{"rendered":"<p style=\"text-align: justify;\"><a href=\"http:\/\/www.tri-team-fuldatal.de\/wp-content\/uploads\/2013\/01\/j\u00fcrgen.jpg\"><img loading=\"lazy\" decoding=\"async\" class=\"aligncenter  wp-image-2301\" title=\"j\u00fcrgen\" src=\"http:\/\/www.tri-team-fuldatal.de\/wp-content\/uploads\/2013\/01\/j\u00fcrgen.jpg\" alt=\"\" width=\"516\" height=\"344\" srcset=\"http:\/\/www.tri-team-fuldatal.de\/wp-content\/uploads\/2013\/01\/j\u00fcrgen.jpg 960w, http:\/\/www.tri-team-fuldatal.de\/wp-content\/uploads\/2013\/01\/j\u00fcrgen-300x200.jpg 300w\" sizes=\"auto, (max-width: 516px) 100vw, 516px\" \/><\/a><\/p>\n<p style=\"text-align: justify;\">Kaufungen &#8211; Mit milden Temperaturen und trockenem Wetter lockte der Traditionslauf in seiner 40. Auflage sage und schreibe 1011 Starter nach Kaufungen. Wieder war der Wettkampf mit starken L\u00e4ufern aus der n\u00e4heren Region besetzt. Vom Tri-Team gingen auf den 7,7 km 18 L\u00e4ufer an den Start, um ihre Winterform zu \u00fcberpr\u00fcfen, oder sich mit regionaler, triathletischer Konkurrenz zu messen. Bei dichtem Gedr\u00e4nge im Startkanal konnte nicht mehr jeder eine gute Startposition erreichen. Die Strecke war wieder ein Mal gerade auf dem letzten Kilometer in Richtung Zielkanal ges\u00e4umt von anfeuernden Zuschauern. Auch viele nicht startende Tri-Teamler waren zum Anfeuern gekommen, um unsere L\u00e4ufer auf die letzten 300 Meter zu schicken.<\/p>\n<p style=\"text-align: justify;\">Im vorderen Feld der Top 20 waren drei Starter des Teams zu finden. Tobias Kisling ging zwar verletzungsbedingt mit einem Fragezeichen in den Lauf, konnte aber voll durchziehen und lief mit einer Zeit von 26:13 min auf den 6. Gesamtsrang. Daniel Gebert ging f\u00fcr sein Laufteam des Shops Run2 an den Start. Er konnte aufgrund einer Verletzung kurz vor dem Lauf im Gegensatz zu Tobias den Wettkampf nicht voll laufen. Mit dem Bewusstsein, das Winterzeit gleich Trainingszeit ist, nahm er zum Ende des Laufs deutlich raus und landete dennoch in 26:51 min auf Platz 8. Als Dritter des Teams in den hart umk\u00e4mpften Top 20 pr\u00e4sentierte sich der Neuzugang Florian Beisheim in guter Laufform und erreicht in 27:37 min den 15. Platz. Wenn das Schwimmtraining bis zum Fr\u00fchjahr noch richtig anschl\u00e4gt, d\u00fcrfen wir uns alle auf eine prima Verst\u00e4rkung f\u00fcr die Ligateams freuen.<\/p>\n<p><a href=\"http:\/\/www.tri-team-fuldatal.de\/wp-content\/uploads\/2013\/01\/slv27.jpg\">\u00a0\u00a0\u00a0\u00a0\u00a0\u00a0\u00a0\u00a0\u00a0\u00a0\u00a0\u00a0\u00a0\u00a0\u00a0\u00a0\u00a0\u00a0\u00a0\u00a0\u00a0\u00a0\u00a0\u00a0\u00a0\u00a0\u00a0\u00a0\u00a0\u00a0\u00a0\u00a0\u00a0\u00a0\u00a0\u00a0\u00a0 <img loading=\"lazy\" decoding=\"async\" class=\"size-full wp-image-2311 alignnone\" title=\"slv27\" src=\"http:\/\/www.tri-team-fuldatal.de\/wp-content\/uploads\/2013\/01\/slv27.jpg\" alt=\"\" width=\"185\" height=\"299\" \/><\/a><a href=\"http:\/\/www.tri-team-fuldatal.de\/wp-content\/uploads\/2013\/01\/slv26.jpg\"><img loading=\"lazy\" decoding=\"async\" class=\" wp-image-2310 alignnone\" title=\"slv26\" src=\"http:\/\/www.tri-team-fuldatal.de\/wp-content\/uploads\/2013\/01\/slv26.jpg\" alt=\"\" width=\"175\" height=\"300\" \/><\/a>(Quelle <strong>sportalv.de<\/strong>)<\/p>\n<p style=\"text-align: justify;\">Niklas Feulner und Takis Keldenich lie\u00dfen es nach Saisonende ruhig angehen und nahmen bis zum Silvesterlauf an keinen Laufwettk\u00e4mpfen irgendwelcher Winterlaufserien teil. Niklas hatte in dieser Zeit sogar zus\u00e4tzlich eine hartn\u00e4ckige Knieverletzung zu kurieren. J\u00fcrgen Rademacher hatte nach seiner Sub-10 beim Ironman Florida auch eher nur Wunden geleckt und gerade so eben eine Krankheit gescheit auskuriert. Zusammen mit Andreas Kisling und Dirk Wiegand waren die F\u00fcnf durchstreut in den Top 100 des Gesamteinlaufes zu finden. Niklas und Takis merkten, dass ihre Beine sie an diesem Tag schnell ins Ziel tragen w\u00fcrden und k\u00e4mpften sich gemeinsam motivierend in 29:09 und 29:17 min ins Ziel. Andreas stetig ansteigende Formkurve wurde durch eine sehr gute 29:56 min untermauert. J\u00fcrgen trabte routiniert in einer 30:20 ins Ziel und Dirk legte quasi aus der kalten Hose eine 31:59 min auf den Asphalt.<\/p>\n<p style=\"text-align: justify;\"><a href=\"http:\/\/www.tri-team-fuldatal.de\/wp-content\/uploads\/2013\/01\/slv113.jpg\">\u00a0\u00a0\u00a0\u00a0\u00a0\u00a0\u00a0\u00a0\u00a0\u00a0\u00a0\u00a0\u00a0\u00a0\u00a0\u00a0\u00a0\u00a0\u00a0\u00a0\u00a0\u00a0\u00a0\u00a0 \u00a0 \u00a0 \u00a0 \u00a0 \u00a0 \u00a0 \u00a0 \u00a0\u00a0\u00a0\u00a0\u00a0\u00a0\u00a0\u00a0\u00a0 <img loading=\"lazy\" decoding=\"async\" class=\"size-full wp-image-2312 alignnone\" title=\"slv113\" src=\"http:\/\/www.tri-team-fuldatal.de\/wp-content\/uploads\/2013\/01\/slv113.jpg\" alt=\"\" width=\"172\" height=\"231\" \/><\/a><a href=\"http:\/\/www.tri-team-fuldatal.de\/wp-content\/uploads\/2013\/01\/slv107.jpg\"><img loading=\"lazy\" decoding=\"async\" class=\" wp-image-2313 alignnone\" title=\"slv107\" src=\"http:\/\/www.tri-team-fuldatal.de\/wp-content\/uploads\/2013\/01\/slv107.jpg\" alt=\"\" width=\"133\" height=\"230\" srcset=\"http:\/\/www.tri-team-fuldatal.de\/wp-content\/uploads\/2013\/01\/slv107.jpg 191w, http:\/\/www.tri-team-fuldatal.de\/wp-content\/uploads\/2013\/01\/slv107-173x300.jpg 173w\" sizes=\"auto, (max-width: 133px) 100vw, 133px\" \/><\/a>(Quelle <strong>sportalv.de<\/strong>)<\/p>\n<p style=\"text-align: justify;\">Die Damen des Teams zeigten sich auch in guter Form. Vor allem Claudia Kisling verbesserte ihre Vorjahreszeit deutlich und lief in einer 36:52 auf den 23. Gesamtrang der Damenwertung. Dahinter landete Kay Janne Wiemann, welche ohne pers\u00f6nliche Vorgabe zufrieden in 38:09 min auf Rang 38 kam. Gefolgt wurde sie von Salvatrice Plantera (39:22 min), die nach eigener Aussage zum ersten Mal diesen Lauf so richtig genie\u00dfen konnte. Als Vierte und F\u00fcnfte im Bunde kamen in dieser Reihenfolge danach noch Sandra Bode und Rebekka Sechtling zufrieden ins Ziel.<\/p>\n<table width=\"100%\" border=\"1\" cellspacing=\"0\" cellpadding=\"4\">\n<colgroup>\n<col width=\"85*\" \/>\n<col width=\"85*\" \/>\n<col width=\"85*\" \/><\/colgroup>\n<tbody>\n<tr valign=\"TOP\">\n<td width=\"33%\">\n<p align=\"JUSTIFY\"><strong>Name<\/strong><\/p>\n<\/td>\n<td width=\"33%\"><strong>Zeit<\/strong><\/td>\n<td width=\"33%\"><strong>Platz<\/strong><\/td>\n<\/tr>\n<tr valign=\"TOP\">\n<td><strong>M\u00e4nner<\/strong><\/td>\n<\/tr>\n<tr valign=\"TOP\">\n<td width=\"33%\">Kisling, Tobias<\/td>\n<td width=\"33%\">26:13<\/td>\n<td width=\"33%\">6. Gesamt, 1. AK<\/td>\n<\/tr>\n<tr valign=\"TOP\">\n<td width=\"33%\">Gebert, Daniel<\/td>\n<td width=\"33%\">26:51<\/td>\n<td width=\"33%\">8. Gesamt, 5. AK<\/td>\n<\/tr>\n<tr valign=\"TOP\">\n<td width=\"33%\">Beisheim, Florian<\/td>\n<td width=\"33%\">27:37<\/td>\n<td width=\"33%\">15. Gesamt, 7. AK<\/td>\n<\/tr>\n<tr valign=\"TOP\">\n<td width=\"33%\">Feulner, Niklas<\/td>\n<td width=\"33%\">29:09<\/td>\n<td width=\"33%\">34. Gesamt, 10. AK<\/td>\n<\/tr>\n<tr valign=\"TOP\">\n<td width=\"33%\">Keldenich, Takis<\/td>\n<td width=\"33%\">29:17<\/td>\n<td width=\"33%\">35. Gesamt, 5. AK<\/td>\n<\/tr>\n<tr valign=\"TOP\">\n<td width=\"33%\">Kisling, Andreas<\/td>\n<td width=\"33%\">29:56<\/td>\n<td width=\"33%\">47. Gesamt, 6. AK<\/td>\n<\/tr>\n<tr valign=\"TOP\">\n<td width=\"33%\">Rademacher, J\u00fcrgen<\/td>\n<td width=\"33%\">30:20<\/td>\n<td width=\"33%\">55. Gesamt, 9. AK<\/td>\n<\/tr>\n<tr valign=\"TOP\">\n<td width=\"33%\">Wiegand, Dirk<\/td>\n<td width=\"33%\">31:59<\/td>\n<td width=\"33%\">92. Gesamt, 16. AK<\/td>\n<\/tr>\n<tr valign=\"TOP\">\n<td width=\"33%\">Wei\u00df, Stefen<\/td>\n<td width=\"33%\">33:22<\/td>\n<td width=\"33%\">128. Gesamt, 18. AK<\/td>\n<\/tr>\n<tr valign=\"TOP\">\n<td width=\"33%\">Krug, Gerrit<\/td>\n<td width=\"33%\">36:17<\/td>\n<td width=\"33%\">238. Gesamt, 22. AK<\/td>\n<\/tr>\n<tr valign=\"TOP\">\n<td width=\"33%\">Wittig, Uwe<\/td>\n<td width=\"33%\">40:22<\/td>\n<td width=\"33%\">440. Gesamt, 59. AK<\/td>\n<\/tr>\n<tr valign=\"TOP\">\n<td width=\"33%\">Paul, Jens<\/td>\n<td width=\"33%\">42:18<\/td>\n<td width=\"33%\">540. Gesamt, 45. AK<\/td>\n<\/tr>\n<tr valign=\"TOP\">\n<td width=\"33%\">A\u00dfmy, Bert<\/td>\n<td width=\"33%\">42:22<\/td>\n<td width=\"33%\">541. Gesamt, 76. AK<\/td>\n<\/tr>\n<tr valign=\"TOP\">\n<td width=\"33%\">A\u00dfmy, Linus<\/td>\n<td width=\"33%\">42:22<\/td>\n<td width=\"33%\">542. Gesamt, 22. AK<\/td>\n<\/tr>\n<tr valign=\"TOP\">\n<td><strong>Frauen<\/strong><\/td>\n<\/tr>\n<tr valign=\"TOP\">\n<td width=\"33%\">Kisling, Claudia<\/td>\n<td width=\"33%\">36:52<\/td>\n<td width=\"33%\">23. Gesamt, 5. AK<\/td>\n<\/tr>\n<tr valign=\"TOP\">\n<td width=\"33%\">Wiemann, Janne<\/td>\n<td width=\"33%\">38:09<\/td>\n<td width=\"33%\">38. Gesamt, 3. AK<\/td>\n<\/tr>\n<tr valign=\"TOP\">\n<td width=\"33%\">Plantera, Salvatrice<\/td>\n<td width=\"33%\">39:22<\/td>\n<td width=\"33%\">47. Gesamt, 5. AK<\/td>\n<\/tr>\n<tr valign=\"TOP\">\n<td width=\"33%\">Bode, Sandra<\/td>\n<td width=\"33%\">40:21<\/td>\n<td width=\"33%\">55. Gesamt, 8. AK<\/td>\n<\/tr>\n<tr valign=\"TOP\">\n<td width=\"33%\">Sechtling, Rebekka<\/td>\n<td width=\"33%\">42:23<\/td>\n<td width=\"33%\">79. Gesamt, 10. AK<\/td>\n<\/tr>\n<\/tbody>\n<\/table>\n<p><strong>[nggallery id=30]<\/strong><\/p>\n","protected":false},"excerpt":{"rendered":"<p>40. Silvesterlauf Kaufungen 31.12.12<\/p>\n","protected":false},"author":7,"featured_media":2302,"comment_status":"open","ping_status":"open","sticky":false,"template":"","format":"standard","meta":{"colormag_page_container_layout":"default_layout","colormag_page_sidebar_layout":"default_layout","footnotes":""},"categories":[114],"tags":[110,5,107,32,50,69,7,96,125,26,4,109],"class_list":["post-2291","post","type-post","status-publish","format-standard","has-post-thumbnail","hentry","category-lauf-2012","tag-andreas-kisling","tag-bert-assmy","tag-claudia-kisling","tag-dirk-wiegand","tag-gerrit-krug","tag-jens-paul","tag-jurgen-rademacher","tag-niklas-feulner","tag-rebekka-sechtling","tag-salvatrice-plantera","tag-stefen-weis","tag-takis-keldenich"],"_links":{"self":[{"href":"http:\/\/www.tri-team-fuldatal.de\/index.php?rest_route=\/wp\/v2\/posts\/2291","targetHints":{"allow":["GET"]}}],"collection":[{"href":"http:\/\/www.tri-team-fuldatal.de\/index.php?rest_route=\/wp\/v2\/posts"}],"about":[{"href":"http:\/\/www.tri-team-fuldatal.de\/index.php?rest_route=\/wp\/v2\/types\/post"}],"author":[{"embeddable":true,"href":"http:\/\/www.tri-team-fuldatal.de\/index.php?rest_route=\/wp\/v2\/users\/7"}],"replies":[{"embeddable":true,"href":"http:\/\/www.tri-team-fuldatal.de\/index.php?rest_route=%2Fwp%2Fv2%2Fcomments&post=2291"}],"version-history":[{"count":20,"href":"http:\/\/www.tri-team-fuldatal.de\/index.php?rest_route=\/wp\/v2\/posts\/2291\/revisions"}],"predecessor-version":[{"id":2308,"href":"http:\/\/www.tri-team-fuldatal.de\/index.php?rest_route=\/wp\/v2\/posts\/2291\/revisions\/2308"}],"wp:featuredmedia":[{"embeddable":true,"href":"http:\/\/www.tri-team-fuldatal.de\/index.php?rest_route=\/wp\/v2\/media\/2302"}],"wp:attachment":[{"href":"http:\/\/www.tri-team-fuldatal.de\/index.php?rest_route=%2Fwp%2Fv2%2Fmedia&parent=2291"}],"wp:term":[{"taxonomy":"category","embeddable":true,"href":"http:\/\/www.tri-team-fuldatal.de\/index.php?rest_route=%2Fwp%2Fv2%2Fcategories&post=2291"},{"taxonomy":"post_tag","embeddable":true,"href":"http:\/\/www.tri-team-fuldatal.de\/index.php?rest_route=%2Fwp%2Fv2%2Ftags&post=2291"}],"curies":[{"name":"wp","href":"https:\/\/api.w.org\/{rel}","templated":true}]}}