{"id":2020,"date":"2012-09-09T07:24:12","date_gmt":"2012-09-09T06:24:12","guid":{"rendered":"http:\/\/www.tri-team-fuldatal.de\/?p=2020"},"modified":"2012-09-09T15:42:30","modified_gmt":"2012-09-09T14:42:30","slug":"funf-von-uns-beim-altstadtlauf-in-hann-munden","status":"publish","type":"post","link":"http:\/\/www.tri-team-fuldatal.de\/?p=2020","title":{"rendered":"F\u00fcnf in Hann. M\u00fcnden"},"content":{"rendered":"<p style=\"text-align: justify;\">In beschaulichem Ambiente der kleinen Fachwerkstadt Hannoversch M\u00fcnden, bekannt durch die Gieselwerder Radrunde des Tri-Teams und beliebt f\u00fcr seine Eisdielen, fand am Samstag den 8. September der 25. Altstadlauf statt. Es werden f\u00fcr Kinder kleinere Strecken und f\u00fcr die Erwachsenen 5, 10 und Halbmarathon angeboten. Das Tri-Team war auf allen drei Distanzen vertreten und konnte \u00fcberall Platzierung in den Altersklassen einbringen.<\/p>\n<p style=\"text-align: justify;\">Sandra Bode die zusammen mit Uwe Wittig angereist war startete auf der 5km Strecke und zeigte sich noch sehr nerv\u00f6s, vor dem Start. Sie erzielte in ihrer Altersklasse den 1. Platz.<\/p>\n<p style=\"text-align: justify;\">Florian Beisheim ging auf die 10 km Strecke und k\u00e4mpfte dort hart um den dritten Platz und musste sich knapp geschlagen geben und kann mit dieser tollen Laufleistung seinen Einstand als Starter f\u00fcr das Tri-Team Fuldatal. <a href=\"http:\/\/www.tri-team-fuldatal.de\/?p=2026\">Link zum Profil von Florian.<\/a><\/p>\n<p style=\"text-align: justify;\">An sich ist der sp\u00e4te Sonnenschein eine feine Sache. Beim Sport kann es sich auf den l\u00e4ngeren Distanzen r\u00e4chen, wie die Viernheim gepr\u00fcften Tri-Teamer Norman und Uwe feststellen duften.<\/p>\n<p style=\"text-align: justify;\">Norman ging den Halbmarathon zun\u00e4chst etwas hart an und lief die ersten 3 km in 12 Minuten. Danach konnte er sein Tempo finden, noch vor der 10 km Marke machte ihm die Hitze zu schaffen und der innere Kampf begann und die letzten 2 km waren sehr schwer. Er konnte noch zwei, drei Pl\u00e4tze gut machen und erzielte eine um 45 Sekunden verbesserte pers\u00f6nliche Bestzeit und den 2. Platz in seiner AK und 8. Gesamt. Ein weiterer Zwischenschritt in der Marathon Vorbereitung. Beim Lollslauf m\u00f6chte er es der Kasseler aber noch mal wissen, was die Bestzeit auf der Halbmarathon Strecke angeht!<\/p>\n<p style=\"text-align: justify;\"><a href=\"http:\/\/www.tri-team-fuldatal.de\/wp-content\/uploads\/2012\/09\/P1070384.jpg\"><img loading=\"lazy\" decoding=\"async\" class=\"alignnone  wp-image-2021\" title=\"P1070384\" src=\"http:\/\/www.tri-team-fuldatal.de\/wp-content\/uploads\/2012\/09\/P1070384.jpg\" alt=\"\" width=\"576\" height=\"384\" srcset=\"http:\/\/www.tri-team-fuldatal.de\/wp-content\/uploads\/2012\/09\/P1070384.jpg 720w, http:\/\/www.tri-team-fuldatal.de\/wp-content\/uploads\/2012\/09\/P1070384-300x200.jpg 300w\" sizes=\"auto, (max-width: 576px) 100vw, 576px\" \/><\/a><\/p>\n<blockquote>\n<p style=\"text-align: justify;\">Wo geht es zum Ziel? Ein Helfer l\u00e4uft noch die letzten 150 m mit Norman mit. Ansonsten w\u00e4re er <em>vielleicht<\/em> falsch abgebogen :)<\/p>\n<\/blockquote>\n<p style=\"text-align: justify;\">Uwe Wittig war von seinem Start in Nordhausen noch sehr vers\u00f6hnlich eingestimmt. Im Verlauf des Halbmarathon setzten im die Sonne und anderes zu und so war er insgesamt nicht v\u00f6llig zufrieden und hat sich selber Besserung im Rahmen seiner Vorbereitung f\u00fcr Roth 2013 (der countdown l\u00e4uft) und die 5. HTL verschrieben.\u00a0<img loading=\"lazy\" decoding=\"async\" class=\"alignnone\" src=\"http:\/\/www.smiliesuche.de\/smileys\/peitschen\/peitschen-smilies-0002.gif\" alt=\"\" width=\"50\" height=\"15\" \/><\/p>\n<p style=\"text-align: justify;\">\u00a0Olaf Nolte ging entspannt in den Lauf, nerv\u00f6s macht ihn nur der Schwimmstart im Triathlon, und lief seinen Halbmarathon entspannt durch.<\/p>\n<p>&nbsp;<\/p>\n<table width=\"100%\" border=\"1\" cellspacing=\"0\" cellpadding=\"4\">\n<col width=\"51*\" \/>\n<col width=\"51*\" \/>\n<col width=\"51*\" \/>\n<col width=\"51*\" \/>\n<col width=\"51*\" \/>\n<tbody>\n<tr valign=\"TOP\">\n<td width=\"20%\">N<strong>ame<\/strong><\/td>\n<td width=\"20%\"><strong>Platz<\/strong><\/td>\n<td width=\"20%\"><strong>AK<\/strong><\/td>\n<td width=\"20%\"><strong>Gesamt<\/strong><\/td>\n<td width=\"20%\"><strong>Strecke<\/strong><\/td>\n<\/tr>\n<tr valign=\"TOP\">\n<td width=\"20%\">Bode, Sandra<\/td>\n<td width=\"20%\">21.<\/td>\n<td width=\"20%\">1. W40<\/td>\n<td width=\"20%\">0:26:37<\/td>\n<td width=\"20%\">5,0 km<\/td>\n<\/tr>\n<tr valign=\"TOP\">\n<td width=\"20%\">Beisheim, Florian<\/td>\n<td width=\"20%\">4.<\/td>\n<td width=\"20%\">2. M20<\/td>\n<td width=\"20%\">0:37:39<\/td>\n<td width=\"20%\">10,0 km<\/td>\n<\/tr>\n<tr valign=\"TOP\">\n<td width=\"20%\">Seeliger, Norman<\/td>\n<td width=\"20%\">8.<\/td>\n<td width=\"20%\">2. M30<\/td>\n<td width=\"20%\">1:33:09<\/td>\n<td width=\"20%\">21,1 km<\/td>\n<\/tr>\n<tr valign=\"TOP\">\n<td width=\"20%\">Wittig, Uwe<\/td>\n<td width=\"20%\">43.<\/td>\n<td width=\"20%\">8. M45<\/td>\n<td width=\"20%\">1:54:34<\/td>\n<td width=\"20%\">21,1 km<\/td>\n<\/tr>\n<tr valign=\"TOP\">\n<td width=\"20%\">Nolte, Olaf<\/td>\n<td width=\"20%\">64.<\/td>\n<td width=\"20%\">8. M50<\/td>\n<td width=\"20%\">2:03:48<\/td>\n<td width=\"20%\">21,1 km<\/td>\n<\/tr>\n<\/tbody>\n<\/table>\n<p>&nbsp;<\/p>\n","protected":false},"excerpt":{"rendered":"<p>Altstadtlauf Hann. M\u00fcnden 2012 <\/p>\n","protected":false},"author":1,"featured_media":2022,"comment_status":"open","ping_status":"open","sticky":false,"template":"","format":"standard","meta":{"colormag_page_container_layout":"default_layout","colormag_page_sidebar_layout":"default_layout","footnotes":""},"categories":[114],"tags":[38,36,25],"class_list":["post-2020","post","type-post","status-publish","format-standard","has-post-thumbnail","hentry","category-lauf-2012","tag-norman-seeliger","tag-olaf-nolte","tag-uwe-wittig"],"_links":{"self":[{"href":"http:\/\/www.tri-team-fuldatal.de\/index.php?rest_route=\/wp\/v2\/posts\/2020","targetHints":{"allow":["GET"]}}],"collection":[{"href":"http:\/\/www.tri-team-fuldatal.de\/index.php?rest_route=\/wp\/v2\/posts"}],"about":[{"href":"http:\/\/www.tri-team-fuldatal.de\/index.php?rest_route=\/wp\/v2\/types\/post"}],"author":[{"embeddable":true,"href":"http:\/\/www.tri-team-fuldatal.de\/index.php?rest_route=\/wp\/v2\/users\/1"}],"replies":[{"embeddable":true,"href":"http:\/\/www.tri-team-fuldatal.de\/index.php?rest_route=%2Fwp%2Fv2%2Fcomments&post=2020"}],"version-history":[{"count":6,"href":"http:\/\/www.tri-team-fuldatal.de\/index.php?rest_route=\/wp\/v2\/posts\/2020\/revisions"}],"predecessor-version":[{"id":2032,"href":"http:\/\/www.tri-team-fuldatal.de\/index.php?rest_route=\/wp\/v2\/posts\/2020\/revisions\/2032"}],"wp:featuredmedia":[{"embeddable":true,"href":"http:\/\/www.tri-team-fuldatal.de\/index.php?rest_route=\/wp\/v2\/media\/2022"}],"wp:attachment":[{"href":"http:\/\/www.tri-team-fuldatal.de\/index.php?rest_route=%2Fwp%2Fv2%2Fmedia&parent=2020"}],"wp:term":[{"taxonomy":"category","embeddable":true,"href":"http:\/\/www.tri-team-fuldatal.de\/index.php?rest_route=%2Fwp%2Fv2%2Fcategories&post=2020"},{"taxonomy":"post_tag","embeddable":true,"href":"http:\/\/www.tri-team-fuldatal.de\/index.php?rest_route=%2Fwp%2Fv2%2Ftags&post=2020"}],"curies":[{"name":"wp","href":"https:\/\/api.w.org\/{rel}","templated":true}]}}