{"id":1812,"date":"2012-08-17T07:25:00","date_gmt":"2012-08-17T06:25:00","guid":{"rendered":"http:\/\/www.tri-team-fuldatal.de\/?p=1812"},"modified":"2013-02-07T09:16:58","modified_gmt":"2013-02-07T08:16:58","slug":"356-starter-aus-ganz-deutschland-beim-fuldataler-triathlon","status":"publish","type":"post","link":"http:\/\/www.tri-team-fuldatal.de\/?p=1812","title":{"rendered":"356 Starter aus ganz Deutschland beim Fuldataler Triathlon"},"content":{"rendered":"<p style=\"text-align: center;\"><strong><a href=\"http:\/\/www.tri-team-fuldatal.de\/wp-content\/uploads\/2012\/08\/Fuldatal4.jpg\"><img loading=\"lazy\" decoding=\"async\" class=\"aligncenter\" title=\"Fuldatal4\" alt=\"\" src=\"http:\/\/www.tri-team-fuldatal.de\/wp-content\/uploads\/2012\/08\/Fuldatal4.jpg\" width=\"600\" height=\"325\" \/><\/a><\/strong><\/p>\n<p><strong>\u00dcberblick<\/strong><\/p>\n<p style=\"text-align: justify;\">Fuldatal. Als die ersten Teilnehmer beim <strong><\/strong>neunten Fuldataler Triathlon an den Start gingen, schienen gerade die ersten Sonnenstrahlen auf das Ihringsh\u00e4user Waldschwimmbad.<\/p>\n<p style=\"text-align: justify;\">P\u00fcnktlich um acht Uhr starteten die Ligamannschaften zu einem gemeins<strong><\/strong>amen Teamwettbewerb. 300 Meter Schwimmen und 2 Kilometer Laufen standen auf dem Programm, ehe sp\u00e4ter die Teams auf die Sprintdistanz gingen, wo jede Athletenzeit einzeln gewertet wurde. Die Triathleten des KSV Baunatal konnten nach der Doppelbelastung\u00a0 jubeln: Dank des Teamsieges mit neun Sekunden Vorsprung auf den Zweitplatzierten aus Kronberg ist dem Drittligisten der Hess<strong><\/strong>enliga der Aufstieg vor dem letzten Rennen am wohl nicht mehr zu nehmen. Drei Punkte Vorsprung nimmt das Team um Christoph Bentz, Michael Obst, Martin Pliquett, Lars Ansuhn und Erfolgsgarant Martin Busch mit in das Saisonfinale. Ausgerechnet beim Heimrennen platzten dagegen die Aufstiegstr\u00e4ume des Tri-Teams Fuldatal. Da es in der vierten Hessenliga nur zwei Aufsteiger geben wird, werden die Fuldataler nach ihrem f\u00fcnften Rang im Heimrennen wohl auch nach Viernheim nicht \u00fcber den vierten Gesamtplatz hinauskommen. Dennoch zeigte das\u00a0 Team mit Niklas Feu<strong><\/strong>lner, Lars-Henrik Stern, Takis Keldenreich, Dieter Koch und Sven Deussing eine geschlossene Mannschaftsleistung. \u201eWir k\u00f6nnen sportlich sehr viel Positives aus der Saison mitnehmen\u201c, res\u00fcmierte Mannschaftskapit\u00e4n Patrick Bujok.<br \/>\nIn der f\u00fcnften Hessenliga ist es dagegen noch einmal spannend geworden, da es f\u00fcnf Aufsteiger geben wird. Der WVC Kassel gelang es in Fuldatal mit Olaf L\u00e4mmer, Malte Thielb\u00f6rger, David G\u00e4rter, Ralf Schmerer und Nicholas Kehe mit Rang f\u00fcnf ein Ausrufezeichen zu setzen. Aller<strong><\/strong>dings macht der bisherige Saisonverlauf einen Aufstieg fast unm\u00f6glich. Die dritte Mannschaft des Tri-Teams Fuldatal ging ebenfalls in der f\u00fcnften Hessenliga an den Start und belegte mit Simon K\u00fcppers, Steffen Wei\u00df, Norman Seeliger, Gerrit Krug und Uwe Wittig den elften Rang.<\/p>\n<p style=\"text-align: justify;\">Doch nicht nur f\u00fcr die 185 Liga-Starter hie\u00df es am Triathlon-Sonntag fr\u00fch aufstehen. Die rund 160 ehrenamtlichen Helfer, 60 vom ausrichtenden Tri-Team Fuldatal sowie 100 Helfer aus Fuldataler Vereinen und der Gemeinde, waren teilweise bereits um f\u00fcnf Uhr morgens am Wettkampfbereich im Stadion an der Hasenhecke. \u201eOrganisatorisch war alles top. Zudem hat das Wetter mitgespielt, ein perfekter Tag\u201c, freute sich Marvin Branham, der f\u00fcr eine Staffel an den Start ging.<\/p>\n<p style=\"text-align: justify;\">Die Helfer hatten sich zahlreiche M\u00f6glichkeiten \u00fcberlegt, um den 356 Startern den Dreikampf, bestehend aus Schwimmen, Radfahren und Laufen, zu erleichtern. Diese gingen \u00fcber drei verschiedene Distanzen an den Start und hatten teils aus ganz Deutschland die weite Reise nach Fuldatal angetreten.<\/p>\n<p style=\"text-align: justify;\">Erstmals fanden dabei alle Distanzen im Waldschwimmbad statt. \u201eDas neue Konzept ist aufgegangen\u201c, freute sich Oliver Lieblein, Vorsitzender des Tri-Teams. Zuschauer konnten durch die zentrale Schwimmstrecke Angeh\u00f6rige und Freunde den ganzen Wettkampf \u00fcber anfeuern.<\/p>\n<p style=\"text-align: justify;\">Ein gro\u00dfer Erfolg war der KidsCup. Nach der Premiere im Vorjahr gingen 35 Kinder an den Start. \u201eEs war mein erster Triathlon und er hat mir Spa\u00df gemacht, auch wenn mir beim Laufen die F\u00fc\u00dfe wehgetan haben\u201c, meinte Lovina. Organisationsleiter J\u00fcrgen Rademacher war begeistert von den vielen strahlenden Gesichtern im Ziel, nachdem alle Nachwuchssportler eine Medaille den H\u00e4nden hielten. \u201eDer KidsCup hat riesigen Spa\u00df gemacht\u201c, res\u00fcmierte er.<\/p>\n<p style=\"text-align: justify;\">Zufrieden war man auch \u00fcber die 124 Starter beim Volkstriathlon, von denen viele Teilnehmer erstmalig auf die Strecke gegangen waren.<\/p>\n<p><iframe loading=\"lazy\" src=\"http:\/\/www.youtube.com\/embed\/TMg5X-FoivI\" height=\"315\" width=\"420\" frameborder=\"0\"><\/iframe><\/p>\n<blockquote><p>Bericht von Tobias f\u00fcr die HNA<\/p><\/blockquote>\n<h3 style=\"text-align: justify;\"><strong>4. Hessenliga<\/strong><\/h3>\n<p style=\"text-align: justify;\">Sonntag,12.08.2012 08:00 Uhr im Freibad Ihringshausen! Strahlend blauer Himmel, Kaiserwetter, hauchd\u00fcnne Nebelschwaden \u00fcber dem \u201ek\u00fchlen Nass\u201c des 50m Beckens. Ein super Triahtlontag. Lars Henrik, Sven, Takis, Dieter und Niklas bereiten unsere Wech<strong><\/strong>selzone f\u00fcr den in 25Min. startenden Swim &amp; Run vor. Erstmalig durften die Rookies des TTF erfahren, das selbst ein Dieter ein bisschen nerv\u00f6s ist und sogar zugibt sein Rad am Morgen zu Hause vergessen zu haben. Nach einem kurzen Warm up finden wir uns auch schon im Wasser auf Bahn 3 wieder, letzte kurze Absprachen folgen und Tr\u00f6\u00f6\u00f6\u00f6\u00f6\u00f6t das Startsignal ert\u00f6nt! Unter den Augen des Teamk\u00e4ptn Paddy ziehen wir unsere sechs Bahnen und versuchen dabei einigerma\u00dfen zusammen zu bleiben. Anschlie\u00dfend ging es nun auf die 2,5Km Laufstrecke. Lars Henrik, Dieter, Sven und Niklas vorneweg. Takis der beim Schwimmen etwas abrei\u00dfen lassen musste, konnte schnell aufschlie\u00dfen und sofort wurde das Tempo forciert! Sven, der das Tempo nicht mitgehen konnte, was er auch nicht musste\/sollte,\u00a0 lief sein Tempo locker aber souver\u00e4n ins Ziel. Dieter, Lars Henrik, Takis und Niklas konnten noch einen Platz gut machen und so absolvierte die zweite Herren des TTF nach dem Swim &amp; Run noch Platz 3 im Gesamtklassement.<\/p>\n<p style=\"text-align: justify;\">Pause&#8230;! Erst um 12:05Uhr stand der Start des Sprints an und so nutzten die Athleten des TTF ihre Pause um sich zu verpflegen, zu ruhen oder nach Hause zu gehen um das Radl zu holen.<\/p>\n<p style=\"text-align: justify;\">12:10 Uhr. Mit 5Min. Verz\u00f6gerung fiel dann der zweite Startschuss des Tages. Es galt nun die Sprintdistanz 750\/25\/5 zu bew\u00e4ltigen. Aufgrund einer freien Wahl der Schwimmbahn konnte die zweite Herren des TTF geschlossen auf Bahn sechs durch das Wasser pfl\u00fcgen. Lars Henrik konnte hier wieder seine St\u00e4rke ausspielen und verlie\u00df als Erster nach 12:19Min. das Becken. Kurz dahinter\u00a0 Dieter mit 12:43Min. und Niklas mit 12:47Min. Anschlie\u00dfend verlie\u00dfen Sven mit 13:13Min. und Takis 14:38Min. das Wasser.<\/p>\n<p style=\"text-align: justify;\">Die leicht wellige Radstrecke war nun die gr\u00f6\u00dfte H\u00fcrde f\u00fcr die Jungs des TTF. Niklas konnte hier trotz einer dummen Zeitstrafe von einer Minute, mit Wut auf sich selbst in den Beinen, zehn Pl\u00e4tze gut machen. Besonders an den heimischen H\u00e4ngen lie\u00df er die direkte Konkurrenz hinter sich. Auch Takis zeigte erneut, das das Radfahren sein Ding ist und fuhr ganze vierzehn Pl\u00e4tze zu. Lars Henrik, Dieter und Sven mussten den Einen oder Anderen Mitstreiter auf der Radstrecke ziehen lassen.<\/p>\n<p style=\"text-align: justify;\">Auf dem zweimal zu bew\u00e4ltigen 2,5Km Kurs konnte<strong><\/strong>n Lars Henrik und Dieter nun wieder auftrumpfen und holten die Konkurrenz teilweise wieder ein. Da hat sicher der Eine oder Andere zu viel K\u00f6rner an der Knickhagener Welle gelassen. Niklas, der eine Minute Zeit hatte sich vor dem Lauf die Beine zu lockern und sich weiter \u00fcber sich selbst zu \u00e4rgern, lief seine beste Laufzeit bei einer Sprintdistanz mit 19:20Min. Auch Lars Henrik und Takis konnte unter der magischen 20Min. Marke bleiben mit 19:38Min. und 19:39 Min.<\/p>\n<p style=\"text-align: justify;\">Dieter und Sven gilt besonderer Dank, denn beide mussten kurzfristig f\u00fcr Tobi und den K\u00e4ptn Patrick einspringen.<\/p>\n<p style=\"text-align: justify;\">\u00a0<strong><\/strong><\/p>\n<p style=\"text-align: justify;\">Auch unseren unz\u00e4hligen Wettkampfhelfern gilt besonderer Dank, ihr habt uns super unterst\u00fctzt und uns \u00fcber alle Distanzen gepusht!<\/p>\n<table cellspacing=\"0\" cellpadding=\"0\">\n<tbody>\n<tr>\n<td>Niklas Feulner<\/td>\n<td>12:47 (21)<\/td>\n<td>47:48 (10)<\/td>\n<td>1:00:35 (11)<\/td>\n<td>19:20 (11)<\/td>\n<td>1:19:55 (11)<\/td>\n<\/tr>\n<tr>\n<td>Lars Henrik Stern<\/td>\n<td>12:19 (9)<\/td>\n<td>49:37 (22)<\/td>\n<td>1:01:56 (18)<\/td>\n<td>19:39 (14)<\/td>\n<td>1:21:35 (16)<\/td>\n<\/tr>\n<tr>\n<td>Takis Keldenich<\/td>\n<td>14:38 (35)<\/td>\n<td>48:00 (11)<\/td>\n<td>1:02:38 (21)<\/td>\n<td>19:38 (13)<\/td>\n<td>1:22:16 (19)<\/td>\n<\/tr>\n<tr>\n<td>Dieter Koch<\/td>\n<td>12:43 (17)<\/td>\n<td>51:07 (30)<\/td>\n<td>1:03:50 (26)<\/td>\n<td>21:27 (28)<\/td>\n<td>1:25:17 (27)<\/td>\n<\/tr>\n<tr>\n<td>Sven Deussing<\/td>\n<td>13:13 (24)<\/td>\n<td>0:00:00<\/td>\n<td>0:00:00<\/td>\n<td>0:00:00<\/td>\n<td>1:32:51 (36)<\/td>\n<\/tr>\n<\/tbody>\n<\/table>\n<h3 style=\"text-align: justify;\"><strong>5. Hessenliga<\/strong><\/h3>\n<p style=\"text-align: justify;\">Und auch die Mannschaft der 5. Hessenliga genoss den Heimvorteil. Zwar wurde das Team leicht geschw\u00e4cht, weil Sven Deussing in die zweite Mannschaft aufr\u00fcckte, doch konnte dieser Platz durch das Debutrennen im Ligabetrieb von Simon K\u00fcppers super ersetzt werden. Am Ende war er sogar Mannschaftsschnellster. Das Team bestand also aus Simon K\u00fcppers, Stefen Wei\u00df, Norman Seeliger, Gerrit Krug und Uwe Wittig. Altmeister Hubert Kranz gibt nach langer Verletzungspause erst wieder beim letzten Rennen in Viernheim seinen Einstand f\u00fcr diese Saison. Beim Swim &amp; Run konnte sich das Team mit Platz 9 im mittleren Drittel des Feldes platzieren. Beim darauffolgenden Sprint waren alle mit ihren Leistungen zufrieden und Simon wie Norman setzten bei den Laufzeten kleine Ausrufezeichen. Am Ende hie\u00df es Platz 10 von 15 in der Gesamtwertung. Nachdem Simon sich bei diesem Rennen empfohlen hat, wird er nun in Viernheim den 5. Mann in der zweiten Mannschaft stellen.<\/p>\n<p>&nbsp;<\/p>\n<table width=\"629\" border=\"1\" cellspacing=\"0\" cellpadding=\"4\">\n<colgroup>\n<col width=\"27\" \/>\n<col width=\"147\" \/>\n<col width=\"71\" \/>\n<col width=\"82\" \/>\n<col width=\"82\" \/>\n<col width=\"82\" \/>\n<col width=\"81\" \/> <\/colgroup>\n<tbody>\n<tr valign=\"TOP\">\n<td width=\"27\">\n<p align=\"LEFT\"><strong>Platz<\/strong><\/p>\n<\/td>\n<td width=\"147\">\n<p align=\"LEFT\"><strong>Name<\/strong><\/p>\n<\/td>\n<td width=\"71\">\n<p align=\"LEFT\"><strong>AK<\/strong><\/p>\n<\/td>\n<td width=\"82\">\n<p align=\"LEFT\"><strong>Gesamt<\/strong><\/p>\n<\/td>\n<td width=\"82\">\n<p align=\"LEFT\"><strong>Schwimmen<\/strong><\/p>\n<\/td>\n<td width=\"82\">\n<p align=\"LEFT\"><strong>Rad<\/strong><\/p>\n<\/td>\n<td width=\"81\">\n<p align=\"LEFT\"><strong>Lauf<\/strong><\/p>\n<\/td>\n<\/tr>\n<tr valign=\"TOP\">\n<td width=\"27\">\n<p align=\"LEFT\">29<\/p>\n<\/td>\n<td width=\"147\">\n<p align=\"LEFT\">K\u00fcppers, Simon<\/p>\n<\/td>\n<td width=\"71\">\n<p align=\"LEFT\">TM40 5<\/p>\n<\/td>\n<td width=\"82\">\n<p align=\"LEFT\">1:28:24<\/p>\n<\/td>\n<td width=\"82\">\n<p align=\"LEFT\">0:14:46(39)<\/p>\n<\/td>\n<td width=\"82\">\n<p align=\"LEFT\">0:52:35(32)<\/p>\n<\/td>\n<td width=\"81\">\n<p align=\"LEFT\">0:21:03(27)<\/p>\n<\/td>\n<\/tr>\n<tr valign=\"TOP\">\n<td width=\"27\">\n<p align=\"LEFT\">35<\/p>\n<\/td>\n<td width=\"147\">\n<p align=\"LEFT\">Wei\u00df, Stefen<\/p>\n<\/td>\n<td width=\"71\">\n<p align=\"LEFT\">TM45 5<\/p>\n<\/td>\n<td width=\"82\">\n<p align=\"LEFT\">1:29:03<\/p>\n<\/td>\n<td width=\"82\">\n<p align=\"LEFT\">0:15:23(45)<\/p>\n<\/td>\n<td width=\"82\">\n<p align=\"LEFT\">0:51:10(22)<\/p>\n<\/td>\n<td width=\"81\">\n<p align=\"LEFT\">0:22:30(43)<\/p>\n<\/td>\n<\/tr>\n<tr valign=\"TOP\">\n<td width=\"27\">\n<p align=\"LEFT\">48<\/p>\n<\/td>\n<td width=\"147\">\n<p align=\"LEFT\">Seeliger, Norman<\/p>\n<\/td>\n<td width=\"71\">\n<p align=\"LEFT\">TM30 9<\/p>\n<\/td>\n<td width=\"82\">\n<p align=\"LEFT\">1:33:40<\/p>\n<\/td>\n<td width=\"82\">\n<p align=\"LEFT\">0:16:56(60)<\/p>\n<\/td>\n<td width=\"82\">\n<p align=\"LEFT\">0:55:47(53)<\/p>\n<\/td>\n<td width=\"81\">\n<p align=\"LEFT\">0:20:57(25)<\/p>\n<\/td>\n<\/tr>\n<tr valign=\"TOP\">\n<td width=\"27\">\n<p align=\"LEFT\">51<\/p>\n<\/td>\n<td width=\"147\">\n<p align=\"LEFT\">Krug, Gerrit<\/p>\n<\/td>\n<td width=\"71\">\n<p align=\"LEFT\">TM35 5<\/p>\n<\/td>\n<td width=\"82\">\n<p align=\"LEFT\">1:34:31<\/p>\n<\/td>\n<td width=\"82\">\n<p align=\"LEFT\">0:14:16(36)<\/p>\n<\/td>\n<td width=\"82\">\n<p align=\"LEFT\">0:55:36(51)<\/p>\n<\/td>\n<td width=\"81\">\n<p align=\"LEFT\">0:24:39(58)<\/p>\n<\/td>\n<\/tr>\n<tr valign=\"TOP\">\n<td width=\"27\">\n<p align=\"LEFT\">60<\/p>\n<\/td>\n<td width=\"147\">\n<p align=\"LEFT\">Wittig, Uwe<\/p>\n<\/td>\n<td width=\"71\">\n<p align=\"LEFT\">TM45 12<\/p>\n<\/td>\n<td width=\"82\">\n<p align=\"LEFT\">1:40:04<\/p>\n<\/td>\n<td width=\"82\">\n<p align=\"LEFT\">0:16:45(59)<\/p>\n<\/td>\n<td width=\"82\">\n<p align=\"LEFT\">0:56:57(55)<\/p>\n<\/td>\n<td width=\"81\">\n<p align=\"LEFT\">0:26:22(62)<\/p>\n<\/td>\n<\/tr>\n<\/tbody>\n<\/table>\n<p>[nggallery id=19]<\/p>\n<p>&nbsp;<\/p>\n","protected":false},"excerpt":{"rendered":"<p>9. Fuldataler Triathlon 12.8.2012<\/p>\n","protected":false},"author":7,"featured_media":1814,"comment_status":"open","ping_status":"open","sticky":false,"template":"","format":"standard","meta":{"colormag_page_container_layout":"default_layout","colormag_page_sidebar_layout":"default_layout","footnotes":""},"categories":[147,117],"tags":[60,50,34,96,38,123,4,9,109,25],"class_list":["post-1812","post","type-post","status-publish","format-standard","has-post-thumbnail","hentry","category-liga","category-triathlon-2012","tag-dieter-koch","tag-gerrit-krug","tag-hubert-krantz","tag-niklas-feulner","tag-norman-seeliger","tag-simon-kupper","tag-stefen-weis","tag-sven-deussing","tag-takis-keldenich","tag-uwe-wittig"],"_links":{"self":[{"href":"http:\/\/www.tri-team-fuldatal.de\/index.php?rest_route=\/wp\/v2\/posts\/1812","targetHints":{"allow":["GET"]}}],"collection":[{"href":"http:\/\/www.tri-team-fuldatal.de\/index.php?rest_route=\/wp\/v2\/posts"}],"about":[{"href":"http:\/\/www.tri-team-fuldatal.de\/index.php?rest_route=\/wp\/v2\/types\/post"}],"author":[{"embeddable":true,"href":"http:\/\/www.tri-team-fuldatal.de\/index.php?rest_route=\/wp\/v2\/users\/7"}],"replies":[{"embeddable":true,"href":"http:\/\/www.tri-team-fuldatal.de\/index.php?rest_route=%2Fwp%2Fv2%2Fcomments&post=1812"}],"version-history":[{"count":15,"href":"http:\/\/www.tri-team-fuldatal.de\/index.php?rest_route=\/wp\/v2\/posts\/1812\/revisions"}],"predecessor-version":[{"id":1823,"href":"http:\/\/www.tri-team-fuldatal.de\/index.php?rest_route=\/wp\/v2\/posts\/1812\/revisions\/1823"}],"wp:featuredmedia":[{"embeddable":true,"href":"http:\/\/www.tri-team-fuldatal.de\/index.php?rest_route=\/wp\/v2\/media\/1814"}],"wp:attachment":[{"href":"http:\/\/www.tri-team-fuldatal.de\/index.php?rest_route=%2Fwp%2Fv2%2Fmedia&parent=1812"}],"wp:term":[{"taxonomy":"category","embeddable":true,"href":"http:\/\/www.tri-team-fuldatal.de\/index.php?rest_route=%2Fwp%2Fv2%2Fcategories&post=1812"},{"taxonomy":"post_tag","embeddable":true,"href":"http:\/\/www.tri-team-fuldatal.de\/index.php?rest_route=%2Fwp%2Fv2%2Ftags&post=1812"}],"curies":[{"name":"wp","href":"https:\/\/api.w.org\/{rel}","templated":true}]}}