{"id":1605,"date":"2012-06-25T07:12:44","date_gmt":"2012-06-25T06:12:44","guid":{"rendered":"http:\/\/www.tri-team-fuldatal.de\/?p=1605"},"modified":"2013-02-07T09:17:43","modified_gmt":"2013-02-07T08:17:43","slug":"1605","status":"publish","type":"post","link":"http:\/\/www.tri-team-fuldatal.de\/?p=1605","title":{"rendered":"Waldeck: Platz 3 f\u00fcr das Team der 4. HTL"},"content":{"rendered":"<p style=\"text-align: center;\"><strong><a href=\"http:\/\/www.tri-team-fuldatal.de\/wp-content\/uploads\/2012\/06\/Staffel.jpg\"><img loading=\"lazy\" decoding=\"async\" class=\"wp-image-1616 aligncenter\" title=\"SAMSUNG\" alt=\"\" src=\"http:\/\/www.tri-team-fuldatal.de\/wp-content\/uploads\/2012\/06\/Staffel-e1340606545770.jpg\" width=\"449\" height=\"602\" \/><\/a><\/strong><\/p>\n<blockquote>\n<p style=\"text-align: center;\">Die Damen-Staffel des Tri Teams<\/p>\n<\/blockquote>\n<p style=\"text-align: justify;\"><strong>4. Hessenliga &#8211; Platz 3<br \/>\n<\/strong><\/p>\n<p style=\"text-align: justify;\">Nachdem den Herren der 2. Mannschaft beim letzten Wettkampf in Griesheim nur 10 Sekunden auf den 3. Platz gefehlt hatten, waren alle hoch motiviert und wollten in Waldeck endlich den Sprung aufs Treppchen schaffen. Doch leider gab es im Vorfeld einige krankheits- und verletzungsbedingte Ausf\u00e4lle, so dass kurzer Hand Ersatz gesucht werden musste. Zum Gl\u00fcck fanden sich in J\u00fcrgen Rademacher und Mark G\u00f6bel zwei zuverl\u00e4ssige Athleten, die das Team komplettierten. Bei optimalem Wettkampfwetter und unterst\u00fctzt durch einige mitgereiste Tri-Teamler st\u00fcrzten sich die f\u00fcnf Athleten in den Edersee. Tobias Kisling, der aufgrund eines Radsturzes leicht l\u00e4diert an den Start ging, gl\u00e4nzte erneut und lieferte eine \u00fcberragende Leistung ab. Auch J\u00fcrgen Rademacher, noch leicht angeschlagen von einer Erk\u00e4ltung, biss die Z\u00e4hne zusammen und brannte die 10. schnellste Radzeit in den Asphalt. Das \u201eUpgrade\u201c von Lars Henrik Stern in die 4. HTL zeigte sich als voll und ganz gerechtfertigt. Nur wenige Sekunden hinter Tobias aus dem Wasser \u00fcberzeugte Lars auf ganzer Linie und leistete einen entscheidenden Beitrag f\u00fcr die Teamwertung. Patrick Bujok blieb bei diesem Rennen unter seinen Erwartungen und hatte Schwierigkeiten auf dem Rad Druck aufzubauen. Dank Mark G\u00f6bels Spontanit\u00e4t, er war eigentlich f\u00fcr den Sprint gemeldet, konnte das Team mit voller Besatzung in die Schlacht ziehen. Jedem Starter waren die fehlenden 10sec des letzten Wettkampfes wohl noch sehr pr\u00e4sent und so gab jeder sein Bestes um auch nur die letzte Sekunde zu erk\u00e4mpfen.<\/p>\n<p style=\"text-align: justify;\" align=\"JUSTIFY\">Leider unterlief den Veranstaltern im Rahmen der Siegerehrung ein kleiner Rechenfehler, wodurch es zun\u00e4chst so aussah, als h\u00e4tte das Tri-Team erneut nur um Sekunden den 3. Platz verfehlt. Der Fehler wurde gekl\u00e4rt und am Ende standen wir auf dem 3. Platz! Leider wurden wir um unsere sehns\u00fcchtig erwartete Show auf dem Siegertreppchen \u201ebetrogen\u201c, etwas, dass wir als zus\u00e4tzlichen Anzeiz nehmen sollten beim n\u00e4chsten Wettkampf erneut das Podium zu erreichen! Hubert Krantz, Betreuer der Mannschaft, der leider auch krankheitsbedingt nicht starten konnte, aber als Supporter vor Ort war, war sichtlich stolz sowohl auf die sportlichen Leistungen als auch den Zusammenhalt der Mannschaften. Ein besonderer Dank noch mal an die Athleten, die so spontan helfen konnten!<\/p>\n<p style=\"text-align: justify;\" align=\"JUSTIFY\"><strong>5. Hessenliga<br \/>\n<\/strong><\/p>\n<p style=\"text-align: justify;\" align=\"JUSTIFY\">Wie immer gingen die Starter der 5. Hessischen Triathlon Liga gut Gelaunt in den Wettkampf. Das Wetter spielte mit, die Musik vor dem Schwimmstart war f\u00fcrchterlich und alles deutete daraufhin, dass ein toller Wettkampf bevorstand. Stefen kam als Erster der Mannschaft aus dem Wasser und konnte auf der Radstrecke seine St\u00e4rke ausspielen. Die Radstrecke ist genau nach seinem Geschmack. Den anschlie\u00dfenden Lauf konnte er sicher nach Hause bringen. Mit Abstand zu Stefen kam Norman in das Ziel. Verhaltenskreativ zeigte er sich auf der Schwimmstrecke und sein Kraul\/Brust Modus konnte schon mehrere Hundert Meter entfernt von Salva und Hubert erkannt werden. Auf dem Rad lief es erst richtig gut, dann nur noch okay (nach so zwei, drei Anstiegen). Bei Kilometer 15 ist ihm auch leider die Radflasche auf das Vorderrad gefallen und v\u00f6llig zerst\u00f6rt worden (Eindrucksvoll!). Da er vorab nicht gerade am Hungertuch genagt hatte, lief der Rest des Wettkampf ohne Verpflegung ganz gut. Den Abstand vom Schwimmen zu Gerrit, Dirk und Uwe konnte er auf dem Rad nicht verkleinern. Aber auf der Laufstrecke konnte er aufdrehen und sich an den Drei vorbeik\u00e4mpfen. Dirk genoss die Schwimmstrecke und auch auf der Radstrecke hatte er seinen Spa\u00df. Der ganze Wettkampf w\u00e4re beinahe reiner Wellness geworden, wenn nicht ein t\u00fcckischer Stein ihn auf der Laufstrecke zu Boden geschickt h\u00e4tte. Der schmerzhafte Sturz war vergessen als Norman an ihm vorbeizog und ab da befand Dirk sich in einer Duellsituation. Uwe hat seine k\u00fcrzliche Langdistanz gut verkraftet und zeigte solide Leistungen. Gerrit war mit seiner Schwimmleistung sehr zufrieden und auch mit seiner Performance auf dem Rad konnte er gut leben. Die Laufstrecke forderte ihm alles ab.<\/p>\n<p style=\"text-align: justify;\" align=\"JUSTIFY\"><strong>Volksdistanz und Staffelwettbewerb &#8211; Rudel und Wiemann Platz 2<br \/>\n<\/strong><\/p>\n<p style=\"text-align: justify;\" align=\"JUSTIFY\">Auch in der offenen Wertung der Volksdistanz waren Athleten des Teams am Start. Bei den M\u00e4nnern erk\u00e4mpfte Marco sich einen sicheren zweiten Platz in der Gesamtwertung.\u00a0 Als Dritter kam er aus dem Wasser und musste bis zu seiner flotten letzten Disziplin warten, um den vor ihm liegenden noch zu schlucken. Der F\u00fchrende, Andre Brethauer (SC Neukirchen), war durch eine gewohnt starke Radleistung au\u00dfer Reichweite geraten. Dieter konnte sich direkt dahinter als zweiter seiner AK und sechster der Gesamtwertung mit einer guten Leistung platzieren. Weiter folgten Simon K\u00fcpper (4. AK, 30 Ges.), Wolfgang Coburger (2. AK, 62. Ges.) und Jens Paul (5. AK, 81. Ges.). Bei den Frauen konnte Kay Janne einen tollen zweiten Platz in der Gesamtwertung erk\u00e4mpfen. Zwar musste sie die vor ihr liegende Athletin des Tri Club Paderborn schon beim Radfahren ziehen lassen, nach hinten sicherte sie sich aber dank einer super Radleistung ihren zweiten Platz ab. Nina schloss das Rennen mit einem siebsten Platz in der Gesamtwertung und dem ersten Platz ihrer AK. Sandra N\u00f6lker hatte bei diesem Wettkampf einige Probleme und musste am Ende sogar fast die gesamte Laufstrecke gehen, da ihre Seitenstiche kein Ende nahmen. Haken dran und Fokus auf den n\u00e4chsten Wettkampf! Neben den Volksdistanzlern war auch eine Tri-Team Staffel gemeldet. Isabel Perez, Kristina Biel und Jutta Schang-Schild kamen als f\u00fcnfte von acht Staffeln insgesamt und als erste und einzige Frauenstaffel ins Ziel und es fehlten nicht viele Minuten f\u00fcr einen dritten Platz der Gesamtwertung.<\/p>\n<p style=\"text-align: justify;\" align=\"JUSTIFY\"><span style=\"text-decoration: underline;\"><a href=\"http:\/\/www.triathlon-waldeck.de\/index.php\/triathlon\/ergebnislisten\/\" target=\"_blank\">Alle Ergebnisse auf der Seite des Veranstalters<\/a><\/span><\/p>\n<h3 align=\"JUSTIFY\">4. HTL<\/h3>\n<table border=\"1\" cellspacing=\"0\" cellpadding=\"0\">\n<tbody>\n<tr>\n<td valign=\"top\" width=\"123\"><strong>Name<\/strong><\/td>\n<td valign=\"top\" width=\"123\"><strong>Swim<\/strong><\/td>\n<td valign=\"top\" width=\"123\"><strong>Bike<\/strong><\/td>\n<td valign=\"top\" width=\"123\"><strong>Run<\/strong><\/td>\n<td valign=\"top\" width=\"123\"><strong>Gesamt<\/strong><\/td>\n<\/tr>\n<tr>\n<td valign=\"top\" width=\"123\">Kisling, Tobias<\/td>\n<td valign=\"top\" width=\"123\">23:41 (6)<\/td>\n<td valign=\"top\" width=\"123\">1:25:25( 13 )<\/td>\n<td valign=\"top\" width=\"123\">36:06( 1 )<\/td>\n<td valign=\"top\" width=\"123\">2:25:12 (7)<\/td>\n<\/tr>\n<tr>\n<td valign=\"top\" width=\"123\">Rademacher, J\u00fcrgen<\/td>\n<td valign=\"top\" width=\"123\">25:09( 14 )<\/td>\n<td valign=\"top\" width=\"123\">1:24:15( 10 )<\/td>\n<td valign=\"top\" width=\"123\">40:19( 7 )<\/td>\n<td valign=\"top\" width=\"123\">2:29:43 (11)<\/td>\n<\/tr>\n<tr>\n<td valign=\"top\" width=\"123\">Stern, Lars-Henrik<\/td>\n<td valign=\"top\" width=\"123\">23:44( 7 )<\/td>\n<td valign=\"top\" width=\"123\">1:25:29( 14 )<\/td>\n<td valign=\"top\" width=\"123\">42:37( 17 )<\/td>\n<td valign=\"top\" width=\"123\">2:31:50 (14)<\/td>\n<\/tr>\n<tr>\n<td valign=\"top\" width=\"123\">Bujok, Patrick<\/td>\n<td valign=\"top\" width=\"123\">xx<\/td>\n<td valign=\"top\" width=\"123\">xx<\/td>\n<td valign=\"top\" width=\"123\">40:06( 6 )<\/td>\n<td valign=\"top\" width=\"123\">2:33:56 (17)<\/td>\n<\/tr>\n<tr>\n<td valign=\"top\" width=\"123\">G\u00f6bel, Mark<\/td>\n<td valign=\"top\" width=\"123\">xx<\/td>\n<td valign=\"top\" width=\"123\">xx<\/td>\n<td valign=\"top\" width=\"123\">52:28( 43 )<\/td>\n<td valign=\"top\" width=\"123\">2:58:41 (44)<\/td>\n<\/tr>\n<\/tbody>\n<\/table>\n<h3>5. HTL<\/h3>\n<table border=\"1\" cellspacing=\"0\" cellpadding=\"0\">\n<tbody>\n<tr>\n<td valign=\"top\" width=\"123\"><strong>Name<\/strong><\/td>\n<td valign=\"top\" width=\"123\"><strong>Swim<\/strong><\/td>\n<td valign=\"top\" width=\"123\"><strong>Bike<\/strong><\/td>\n<td valign=\"top\" width=\"123\"><strong>Run<\/strong><\/td>\n<td valign=\"top\" width=\"123\"><strong>Gesamt<\/strong><\/td>\n<\/tr>\n<tr>\n<td valign=\"top\" width=\"123\">Wei\u00df, Stefen<\/td>\n<td valign=\"top\" width=\"123\">26:58( 32 )<\/td>\n<td valign=\"top\" width=\"123\">1:32:56( 27 )<\/td>\n<td valign=\"top\" width=\"123\">47:15( 34 )<\/td>\n<td valign=\"top\" width=\"123\">2:47:09 (25)<\/td>\n<\/tr>\n<tr>\n<td valign=\"top\" width=\"123\">Seeliger, Norman<\/td>\n<td valign=\"top\" width=\"123\">31:58( 59 )<\/td>\n<td valign=\"top\" width=\"123\">1:39:16( 49 )<\/td>\n<td valign=\"top\" width=\"123\">45:26( 22 )<\/td>\n<td valign=\"top\" width=\"123\">2:56:40 (46)<\/td>\n<\/tr>\n<tr>\n<td valign=\"top\" width=\"123\">Wiegand, Dirk<\/td>\n<td valign=\"top\" width=\"123\">27:26( 34 )<\/td>\n<td valign=\"top\" width=\"123\">1:42:06( 54 )<\/td>\n<td valign=\"top\" width=\"123\">48:48( 39 )<\/td>\n<td valign=\"top\" width=\"123\">2:58:20 (48)<\/td>\n<\/tr>\n<tr>\n<td valign=\"top\" width=\"123\">Wittig, Uwe<\/td>\n<td valign=\"top\" width=\"123\">30:45( 53 )<\/td>\n<td valign=\"top\" width=\"123\">xx<\/td>\n<td valign=\"top\" width=\"123\">xx<\/td>\n<td valign=\"top\" width=\"123\">3:01:13 (53)<\/td>\n<\/tr>\n<tr>\n<td valign=\"top\" width=\"123\">Krug, Gerrit<\/td>\n<td valign=\"top\" width=\"123\">27:48( 37 )<\/td>\n<td valign=\"top\" width=\"123\">1:37:55( 46 )<\/td>\n<td valign=\"top\" width=\"123\">55:44( 55 )<\/td>\n<td valign=\"top\" width=\"123\">3:01:27 (54)<\/td>\n<\/tr>\n<\/tbody>\n<\/table>\n<h3>\u00a0Offen<\/h3>\n<table border=\"1\" cellspacing=\"0\" cellpadding=\"0\">\n<tbody>\n<tr>\n<td valign=\"top\" width=\"123\"><strong>Name<\/strong><\/td>\n<td valign=\"top\" width=\"123\"><strong>Swim<\/strong><\/td>\n<td valign=\"top\" width=\"123\"><strong>Bike<\/strong><\/td>\n<td valign=\"top\" width=\"123\"><strong>Run<\/strong><\/td>\n<td valign=\"top\" width=\"123\"><strong>Gesamt<\/strong><\/td>\n<\/tr>\n<tr>\n<td valign=\"top\" width=\"123\"><strong>Herren<\/strong><\/td>\n<td valign=\"top\" width=\"123\"><\/td>\n<td valign=\"top\" width=\"123\"><\/td>\n<td valign=\"top\" width=\"123\"><\/td>\n<td valign=\"top\" width=\"123\"><\/td>\n<\/tr>\n<tr>\n<td valign=\"top\" width=\"123\">Rudel, Marco<\/td>\n<td valign=\"top\" width=\"123\">12:15(3)<\/td>\n<td valign=\"top\" width=\"123\">33:56(2)<\/td>\n<td valign=\"top\" width=\"123\">18:34(4)<\/td>\n<td valign=\"top\" width=\"123\">1:04:45(2)<\/td>\n<\/tr>\n<tr>\n<td valign=\"top\" width=\"123\">Koch, Dieter<\/td>\n<td valign=\"top\" width=\"123\">13:01(6)<\/td>\n<td valign=\"top\" width=\"123\">35:42(8)<\/td>\n<td valign=\"top\" width=\"123\">20:47(19)<\/td>\n<td valign=\"top\" width=\"123\">1:09:30(6)<\/td>\n<\/tr>\n<tr>\n<td valign=\"top\" width=\"123\">K\u00fcpper, Simon<\/td>\n<td valign=\"top\" width=\"123\">19:12(74)<\/td>\n<td valign=\"top\" width=\"123\">39:03(22)<\/td>\n<td valign=\"top\" width=\"123\">20:20(13)<\/td>\n<td valign=\"top\" width=\"123\">1:18:35(30)<\/td>\n<\/tr>\n<tr>\n<td valign=\"top\" width=\"123\">Coburger, Wolfgang<\/td>\n<td valign=\"top\" width=\"123\">15:46(29)<\/td>\n<td valign=\"top\" width=\"123\">45:19(64)<\/td>\n<td valign=\"top\" width=\"123\">27:35(77)<\/td>\n<td valign=\"top\" width=\"123\">1:28:40(62)<\/td>\n<\/tr>\n<tr>\n<td valign=\"top\" width=\"123\">Paul, Jens<\/td>\n<td valign=\"top\" width=\"123\">19:19(75)<\/td>\n<td valign=\"top\" width=\"123\">51:06(85)<\/td>\n<td valign=\"top\" width=\"123\">27:17(73)<\/td>\n<td valign=\"top\" width=\"123\">1:37:42(81)<\/td>\n<\/tr>\n<tr>\n<td valign=\"top\" width=\"123\"><strong>Damen<\/strong><\/td>\n<td valign=\"top\" width=\"123\"><\/td>\n<td valign=\"top\" width=\"123\"><\/td>\n<td valign=\"top\" width=\"123\"><\/td>\n<td valign=\"top\" width=\"123\"><\/td>\n<\/tr>\n<tr>\n<td valign=\"top\" width=\"123\">Wiemann, Janne<\/td>\n<td valign=\"top\" width=\"123\">15:13(20)<\/td>\n<td valign=\"top\" width=\"123\">39:36(26)<\/td>\n<td valign=\"top\" width=\"123\">23:03(40)<\/td>\n<td valign=\"top\" width=\"123\">1:17:52(28)[2]<\/td>\n<\/tr>\n<tr>\n<td valign=\"top\" width=\"123\">Bachmann, Nina<\/td>\n<td valign=\"top\" width=\"123\">16:19(40)<\/td>\n<td valign=\"top\" width=\"123\">42:29(45)<\/td>\n<td valign=\"top\" width=\"123\">25:27(59)<\/td>\n<td valign=\"top\" width=\"123\">1:24:15(48)[7]<\/td>\n<\/tr>\n<tr>\n<td valign=\"top\" width=\"123\">N\u00f6lker, Sandra<\/td>\n<td valign=\"top\" width=\"123\">15:29(23)<\/td>\n<td valign=\"top\" width=\"123\">47:53(75)<\/td>\n<td valign=\"top\" width=\"123\">33:15(89)<\/td>\n<td valign=\"top\" width=\"123\">1:36:37(80)[17]<\/td>\n<\/tr>\n<\/tbody>\n<\/table>\n<p>&nbsp;<\/p>\n<p><strong><strong>[nggallery id=13]<\/strong>\u00a0<\/strong><\/p>\n","protected":false},"excerpt":{"rendered":"<p>Triathlon in Waldeck 23.6.2012<\/p>\n","protected":false},"author":1,"featured_media":1604,"comment_status":"open","ping_status":"open","sticky":false,"template":"","format":"standard","meta":{"colormag_page_container_layout":"default_layout","colormag_page_sidebar_layout":"default_layout","footnotes":""},"categories":[147,117],"tags":[60,32,69,7,6,44,38,71,4,25],"class_list":["post-1605","post","type-post","status-publish","format-standard","has-post-thumbnail","hentry","category-liga","category-triathlon-2012","tag-dieter-koch","tag-dirk-wiegand","tag-jens-paul","tag-jurgen-rademacher","tag-marco-rudel","tag-mark-gobel","tag-norman-seeliger","tag-patrick-bujok","tag-stefen-weis","tag-uwe-wittig"],"_links":{"self":[{"href":"http:\/\/www.tri-team-fuldatal.de\/index.php?rest_route=\/wp\/v2\/posts\/1605","targetHints":{"allow":["GET"]}}],"collection":[{"href":"http:\/\/www.tri-team-fuldatal.de\/index.php?rest_route=\/wp\/v2\/posts"}],"about":[{"href":"http:\/\/www.tri-team-fuldatal.de\/index.php?rest_route=\/wp\/v2\/types\/post"}],"author":[{"embeddable":true,"href":"http:\/\/www.tri-team-fuldatal.de\/index.php?rest_route=\/wp\/v2\/users\/1"}],"replies":[{"embeddable":true,"href":"http:\/\/www.tri-team-fuldatal.de\/index.php?rest_route=%2Fwp%2Fv2%2Fcomments&post=1605"}],"version-history":[{"count":19,"href":"http:\/\/www.tri-team-fuldatal.de\/index.php?rest_route=\/wp\/v2\/posts\/1605\/revisions"}],"predecessor-version":[{"id":1609,"href":"http:\/\/www.tri-team-fuldatal.de\/index.php?rest_route=\/wp\/v2\/posts\/1605\/revisions\/1609"}],"wp:featuredmedia":[{"embeddable":true,"href":"http:\/\/www.tri-team-fuldatal.de\/index.php?rest_route=\/wp\/v2\/media\/1604"}],"wp:attachment":[{"href":"http:\/\/www.tri-team-fuldatal.de\/index.php?rest_route=%2Fwp%2Fv2%2Fmedia&parent=1605"}],"wp:term":[{"taxonomy":"category","embeddable":true,"href":"http:\/\/www.tri-team-fuldatal.de\/index.php?rest_route=%2Fwp%2Fv2%2Fcategories&post=1605"},{"taxonomy":"post_tag","embeddable":true,"href":"http:\/\/www.tri-team-fuldatal.de\/index.php?rest_route=%2Fwp%2Fv2%2Ftags&post=1605"}],"curies":[{"name":"wp","href":"https:\/\/api.w.org\/{rel}","templated":true}]}}